{"id":141727,"date":"2022-02-25T08:46:56","date_gmt":"2022-02-25T13:46:56","guid":{"rendered":"https:\/\/linitiative.ca\/International\/le-president-ukrainien-suggere-de-sasseoir-a-la-table-des-negociations\/"},"modified":"2022-02-25T08:46:56","modified_gmt":"2022-02-25T13:46:56","slug":"le-president-ukrainien-suggere-de-sasseoir-a-la-table-des-negociations","status":"publish","type":"post","link":"https:\/\/linitiative.ca\/International\/le-president-ukrainien-suggere-de-sasseoir-a-la-table-des-negociations\/","title":{"rendered":"Le pr\u00e9sident ukrainien sugg\u00e8re de s&rsquo;asseoir \u00e0 la table des n\u00e9gociations"},"content":{"rendered":"<div>\n<div class=\"field field-name-body field-type-text-with-summary field-label-hidden\">\n<div class=\"field-items\">\n<div class=\"field-item even\" property=\"content:encoded\">\n<p class=\"rtejustify\">Le pr\u00e9sident ukrainien Volodymyr Zelenskyy a sugg\u00e9r\u00e9, vendredi, \u00e0 son homologue russe Vladimir Poutine de s&rsquo;asseoir \u00e0 la table des n\u00e9gociations, au deuxi\u00e8me jour de l&rsquo;op\u00e9ration militaire lanc\u00e9e par Moscou contre son voisin de l\u2019Ouest.<\/p>\n<\/div>\n<\/div>\n<\/div>\n<\/div>\n<p>Auteur: mbasraoui<br \/>\n<a href=\"https:\/\/www.leconomiste.com\/flash-infos\/le-president-ukrainien-suggere-de-s-asseoir-la-table-des-negociations\">Cliquez ici pour lire l&rsquo;article depuis sa source.<\/a><\/p>\n","protected":false},"excerpt":{"rendered":"<p>Le pr\u00e9sident ukrainien Volodymyr Zelenskyy a sugg\u00e9r\u00e9, vendredi, \u00e0 son homologue russe Vladimir Poutine de s&rsquo;asseoir \u00e0 la table des n\u00e9gociations, au deuxi\u00e8me jour de l&rsquo;op\u00e9ration militaire lanc\u00e9e par Moscou contre son voisin de l\u2019Ouest. Auteur: mbasraoui Cliquez ici pour lire l&rsquo;article depuis sa source.<\/p>\n","protected":false},"author":1763,"featured_media":0,"comment_status":"closed","ping_status":"closed","sticky":false,"template":"","format":"standard","meta":{"fifu_image_url":"","fifu_image_alt":"","footnotes":""},"categories":[78,54],"tags":[],"class_list":["post-141727","post","type-post","status-publish","format-standard","hentry","category-economie","category-maroc"],"_links":{"self":[{"href":"https:\/\/linitiative.ca\/International\/wp-json\/wp\/v2\/posts\/141727","targetHints":{"allow":["GET"]}}],"collection":[{"href":"https:\/\/linitiative.ca\/International\/wp-json\/wp\/v2\/posts"}],"about":[{"href":"https:\/\/linitiative.ca\/International\/wp-json\/wp\/v2\/types\/post"}],"author":[{"embeddable":true,"href":"https:\/\/linitiative.ca\/International\/wp-json\/wp\/v2\/users\/1763"}],"replies":[{"embeddable":true,"href":"https:\/\/linitiative.ca\/International\/wp-json\/wp\/v2\/comments?post=141727"}],"version-history":[{"count":0,"href":"https:\/\/linitiative.ca\/International\/wp-json\/wp\/v2\/posts\/141727\/revisions"}],"wp:attachment":[{"href":"https:\/\/linitiative.ca\/International\/wp-json\/wp\/v2\/media?parent=141727"}],"wp:term":[{"taxonomy":"category","embeddable":true,"href":"https:\/\/linitiative.ca\/International\/wp-json\/wp\/v2\/categories?post=141727"},{"taxonomy":"post_tag","embeddable":true,"href":"https:\/\/linitiative.ca\/International\/wp-json\/wp\/v2\/tags?post=141727"}],"curies":[{"name":"wp","href":"https:\/\/api.w.org\/{rel}","templated":true}]}}