{"id":141728,"date":"2022-02-25T08:57:32","date_gmt":"2022-02-25T13:57:32","guid":{"rendered":"https:\/\/linitiative.ca\/International\/ukraine-le-maroc-appelle-ses-ressortissants-a-observer-les-orientations-des-autorites\/"},"modified":"2022-02-25T08:57:32","modified_gmt":"2022-02-25T13:57:32","slug":"ukraine-le-maroc-appelle-ses-ressortissants-a-observer-les-orientations-des-autorites","status":"publish","type":"post","link":"https:\/\/linitiative.ca\/International\/ukraine-le-maroc-appelle-ses-ressortissants-a-observer-les-orientations-des-autorites\/","title":{"rendered":"Ukraine: Le Maroc appelle ses ressortissants \u00e0 observer les orientations des autorit\u00e9s"},"content":{"rendered":"<div>\n<div class=\"field field-name-body field-type-text-with-summary field-label-hidden\">\n<div class=\"field-items\">\n<div class=\"field-item even\" property=\"content:encoded\">\n<p class=\"rtejustify\">L&rsquo;ambassade du Maroc \u00e0 Kiev a appel\u00e9 tous les Marocains r\u00e9sidant en Ukraine \u00e0 observer les orientations et les mesures de s\u00e9curit\u00e9 ordonn\u00e9es par les autorit\u00e9s comp\u00e9tentes, assurant qu\u2019elle \u0153uvre \u00e0 faciliter l\u2019op\u00e9ration de transfert dans des conditions s\u00fbres de ceux d\u2019entre eux qui d\u00e9sirent quitter le pays.<\/p>\n<\/div>\n<\/div>\n<\/div>\n<\/div>\n<p>Auteur: mbasraoui<br \/>\n<a href=\"https:\/\/www.leconomiste.com\/flash-infos\/ukraine-le-maroc-appelle-ses-ressortissants-observer-les-orientations-des-autorites\">Cliquez ici pour lire l&rsquo;article depuis sa source.<\/a><\/p>\n","protected":false},"excerpt":{"rendered":"<p>L&rsquo;ambassade du Maroc \u00e0 Kiev a appel\u00e9 tous les Marocains r\u00e9sidant en Ukraine \u00e0 observer les orientations et les mesures de s\u00e9curit\u00e9 ordonn\u00e9es par les autorit\u00e9s comp\u00e9tentes, assurant qu\u2019elle \u0153uvre \u00e0 faciliter l\u2019op\u00e9ration de transfert dans des conditions s\u00fbres de ceux d\u2019entre eux qui d\u00e9sirent quitter le pays. Auteur: mbasraoui Cliquez ici pour lire l&rsquo;article [&hellip;]<\/p>\n","protected":false},"author":1763,"featured_media":0,"comment_status":"closed","ping_status":"closed","sticky":false,"template":"","format":"standard","meta":{"fifu_image_url":"","fifu_image_alt":"","footnotes":""},"categories":[78,54],"tags":[],"class_list":["post-141728","post","type-post","status-publish","format-standard","hentry","category-economie","category-maroc"],"_links":{"self":[{"href":"https:\/\/linitiative.ca\/International\/wp-json\/wp\/v2\/posts\/141728","targetHints":{"allow":["GET"]}}],"collection":[{"href":"https:\/\/linitiative.ca\/International\/wp-json\/wp\/v2\/posts"}],"about":[{"href":"https:\/\/linitiative.ca\/International\/wp-json\/wp\/v2\/types\/post"}],"author":[{"embeddable":true,"href":"https:\/\/linitiative.ca\/International\/wp-json\/wp\/v2\/users\/1763"}],"replies":[{"embeddable":true,"href":"https:\/\/linitiative.ca\/International\/wp-json\/wp\/v2\/comments?post=141728"}],"version-history":[{"count":0,"href":"https:\/\/linitiative.ca\/International\/wp-json\/wp\/v2\/posts\/141728\/revisions"}],"wp:attachment":[{"href":"https:\/\/linitiative.ca\/International\/wp-json\/wp\/v2\/media?parent=141728"}],"wp:term":[{"taxonomy":"category","embeddable":true,"href":"https:\/\/linitiative.ca\/International\/wp-json\/wp\/v2\/categories?post=141728"},{"taxonomy":"post_tag","embeddable":true,"href":"https:\/\/linitiative.ca\/International\/wp-json\/wp\/v2\/tags?post=141728"}],"curies":[{"name":"wp","href":"https:\/\/api.w.org\/{rel}","templated":true}]}}