{"id":141738,"date":"2022-02-25T04:30:00","date_gmt":"2022-02-25T09:30:00","guid":{"rendered":"https:\/\/linitiative.ca\/International\/olfa-hamdi-se-positionne-a-la-tete-de-son-nouveau-parti-la-troisieme-republique-album-photos\/"},"modified":"2022-02-25T04:30:00","modified_gmt":"2022-02-25T09:30:00","slug":"olfa-hamdi-se-positionne-a-la-tete-de-son-nouveau-parti-la-troisieme-republique-album-photos","status":"publish","type":"post","link":"https:\/\/linitiative.ca\/International\/olfa-hamdi-se-positionne-a-la-tete-de-son-nouveau-parti-la-troisieme-republique-album-photos\/","title":{"rendered":"Olfa Hamdi se positionne \u00e0 la t\u00eate de son nouveau parti, la Troisi\u00e8me R\u00e9publique (Album Photos)"},"content":{"rendered":"<div><img decoding=\"async\" src=\"https:\/\/linitiative.ca\/International\/wp-content\/uploads\/sites\/23\/2022\/02\/1645778715_article.jpg\" alt=\"Olfa Hamdi se positionne \u00e0 la t\u00eate de son nouveau parti, la Troisi\u00e8me R\u00e9publique\" align=\"left\">Sacr\u00e9e d\u00e9termination ! Nullement \u00e9chaud\u00e9e par la fin de son \u00e9ph\u00e9m\u00e8re passage \u00e0 la t\u00eate de Tunisair et son bras de fer avec l\u2019UGTT, Olfa Hamdi ne l\u00e2che pas prise. Le temps de reprendre son souffle aux Etats-Unis o\u00f9 elle r\u00e9side depuis de longues ann\u00e9es, la voil\u00e0 de retour \u00e0 Tunis pour lancer un nouveau parti, au titre \u00e9vocateur : La Troisi\u00e8me R\u00e9publique. Pas facile de s\u2019y d\u00e9cider face \u00e0 la prolif\u00e9ration des partis politiques, la d\u00e9liquescence d\u2019un grand nombre d\u2019entre eux et la complexit\u00e9 du contexte post-25 juillet.<br \/>\nOlfa Hamdi croit en sa cause. Elle entend se positionner dans le nouveau d\u00e9bat qui s\u2019installe, avec l\u2019espoir de gagner des si\u00e8ges dans le &#8230;<\/p>\n<\/div>\n<p>Auteur:<br \/>\n<a href=\"https:\/\/www.leaders.com.tn\/article\/33004-olfa-hamdi-se-positionne-a-la-tete-de-son-nouveau-parti-la-troisieme-republique\">Cliquez ici pour lire l&rsquo;article depuis sa source.<\/a><\/p>\n","protected":false},"excerpt":{"rendered":"<p>Sacr\u00e9e d\u00e9termination ! Nullement \u00e9chaud\u00e9e par la fin de son \u00e9ph\u00e9m\u00e8re passage \u00e0 la t\u00eate de Tunisair et son bras de fer avec l\u2019UGTT, Olfa Hamdi ne l\u00e2che pas prise. Le temps de reprendre son souffle aux Etats-Unis o\u00f9 elle r\u00e9side depuis de longues ann\u00e9es, la voil\u00e0 de retour \u00e0 Tunis pour lancer un nouveau [&hellip;]<\/p>\n","protected":false},"author":1772,"featured_media":0,"comment_status":"closed","ping_status":"closed","sticky":false,"template":"","format":"standard","meta":{"fifu_image_url":"http:\/\/www.leaders.com.tn\/uploads\/content\/thumbnails_small\/1645778715_article.jpg","fifu_image_alt":"Olfa Hamdi se positionne \u00e0 la t\u00eate de son nouveau parti, la Troisi\u00e8me R\u00e9publique (Album Photos)","footnotes":""},"categories":[73,55],"tags":[],"class_list":["post-141738","post","type-post","status-publish","format-standard","hentry","category-actualite","category-tunisie"],"_links":{"self":[{"href":"https:\/\/linitiative.ca\/International\/wp-json\/wp\/v2\/posts\/141738","targetHints":{"allow":["GET"]}}],"collection":[{"href":"https:\/\/linitiative.ca\/International\/wp-json\/wp\/v2\/posts"}],"about":[{"href":"https:\/\/linitiative.ca\/International\/wp-json\/wp\/v2\/types\/post"}],"author":[{"embeddable":true,"href":"https:\/\/linitiative.ca\/International\/wp-json\/wp\/v2\/users\/1772"}],"replies":[{"embeddable":true,"href":"https:\/\/linitiative.ca\/International\/wp-json\/wp\/v2\/comments?post=141738"}],"version-history":[{"count":0,"href":"https:\/\/linitiative.ca\/International\/wp-json\/wp\/v2\/posts\/141738\/revisions"}],"wp:attachment":[{"href":"https:\/\/linitiative.ca\/International\/wp-json\/wp\/v2\/media?parent=141738"}],"wp:term":[{"taxonomy":"category","embeddable":true,"href":"https:\/\/linitiative.ca\/International\/wp-json\/wp\/v2\/categories?post=141738"},{"taxonomy":"post_tag","embeddable":true,"href":"https:\/\/linitiative.ca\/International\/wp-json\/wp\/v2\/tags?post=141738"}],"curies":[{"name":"wp","href":"https:\/\/api.w.org\/{rel}","templated":true}]}}