{"id":141740,"date":"2022-02-25T06:25:00","date_gmt":"2022-02-25T11:25:00","guid":{"rendered":"https:\/\/linitiative.ca\/International\/en-france-aujourdhui-cest-dur-cest-tres-dur-detre-arabe\/"},"modified":"2022-02-25T06:25:00","modified_gmt":"2022-02-25T11:25:00","slug":"en-france-aujourdhui-cest-dur-cest-tres-dur-detre-arabe","status":"publish","type":"post","link":"https:\/\/linitiative.ca\/International\/en-france-aujourdhui-cest-dur-cest-tres-dur-detre-arabe\/","title":{"rendered":"En France, \u00abaujourd\u2019hui, c\u2019est dur, c\u2019est tr\u00e8s dur d\u2019\u00eatre arabe\u00bb"},"content":{"rendered":"<div><img decoding=\"async\" src=\"https:\/\/linitiative.ca\/International\/wp-content\/uploads\/sites\/23\/2022\/02\/1645785662_article.jpg\" alt=\"En France, \u00abaujourd\u2019hui, c\u2019est dur, c\u2019est tr\u00e8s dur d\u2019\u00eatre arabe\u00bb\" align=\"left\">Par Mohamed Larbi Bouguerra<br \/>\n\u00abC\u2019est un crime d\u2019exploiter le patriotisme pour des \u0153uvres de haine.\u00bb (Emile Zola)<br \/>\nCe titre est emprunt\u00e9 \u00e0 un article du regrett\u00e9 Salah Garmadi, paru dans la revue Alif dans les ann\u00e9es 1960.<br \/>\nBien des Arabes vivant en France pourraient le prendre \u00e0 leur compte.<br \/>\nCertains du reste n\u2019h\u00e9sitent plus \u00e0 quitter ce pays. Dans le New York Times du 13 f\u00e9vrier 2022, on lit : \u00abDans la campagne pr\u00e9sidentielle fran\u00e7aise, on ne parle que d&rsquo;immigration. Mais c&rsquo;est l&rsquo;\u00e9migration croissante des musulmans fran\u00e7ais qui r\u00e9v\u00e8le une crise plus profonde pour le pays\u2026 Cette fuite n&rsquo;a pas \u00e9t\u00e9 remarqu\u00e9e par les politiciens et les m\u00e9dias, m\u00eame si les &#8230;<\/p>\n<\/div>\n<p>Auteur:<br \/>\n<a href=\"https:\/\/www.leaders.com.tn\/article\/33005-en-france-aujourd-hui-c-est-dur-c-est-tres-dur-d-etre-arabe\">Cliquez ici pour lire l&rsquo;article depuis sa source.<\/a><\/p>\n","protected":false},"excerpt":{"rendered":"<p>Par Mohamed Larbi Bouguerra \u00abC\u2019est un crime d\u2019exploiter le patriotisme pour des \u0153uvres de haine.\u00bb (Emile Zola) Ce titre est emprunt\u00e9 \u00e0 un article du regrett\u00e9 Salah Garmadi, paru dans la revue Alif dans les ann\u00e9es 1960. Bien des Arabes vivant en France pourraient le prendre \u00e0 leur compte. Certains du reste n\u2019h\u00e9sitent plus \u00e0 [&hellip;]<\/p>\n","protected":false},"author":1772,"featured_media":0,"comment_status":"closed","ping_status":"closed","sticky":false,"template":"","format":"standard","meta":{"fifu_image_url":"http:\/\/www.leaders.com.tn\/uploads\/content\/thumbnails_small\/1645785662_article.jpg","fifu_image_alt":"En France, \u00abaujourd\u2019hui, c\u2019est dur, c\u2019est tr\u00e8s dur d\u2019\u00eatre arabe\u00bb","footnotes":""},"categories":[73,55],"tags":[],"class_list":["post-141740","post","type-post","status-publish","format-standard","hentry","category-actualite","category-tunisie"],"_links":{"self":[{"href":"https:\/\/linitiative.ca\/International\/wp-json\/wp\/v2\/posts\/141740","targetHints":{"allow":["GET"]}}],"collection":[{"href":"https:\/\/linitiative.ca\/International\/wp-json\/wp\/v2\/posts"}],"about":[{"href":"https:\/\/linitiative.ca\/International\/wp-json\/wp\/v2\/types\/post"}],"author":[{"embeddable":true,"href":"https:\/\/linitiative.ca\/International\/wp-json\/wp\/v2\/users\/1772"}],"replies":[{"embeddable":true,"href":"https:\/\/linitiative.ca\/International\/wp-json\/wp\/v2\/comments?post=141740"}],"version-history":[{"count":0,"href":"https:\/\/linitiative.ca\/International\/wp-json\/wp\/v2\/posts\/141740\/revisions"}],"wp:attachment":[{"href":"https:\/\/linitiative.ca\/International\/wp-json\/wp\/v2\/media?parent=141740"}],"wp:term":[{"taxonomy":"category","embeddable":true,"href":"https:\/\/linitiative.ca\/International\/wp-json\/wp\/v2\/categories?post=141740"},{"taxonomy":"post_tag","embeddable":true,"href":"https:\/\/linitiative.ca\/International\/wp-json\/wp\/v2\/tags?post=141740"}],"curies":[{"name":"wp","href":"https:\/\/api.w.org\/{rel}","templated":true}]}}