{"id":141748,"date":"2022-02-25T08:52:46","date_gmt":"2022-02-25T13:52:46","guid":{"rendered":"https:\/\/linitiative.ca\/International\/entrepreneuriat-ryad-mezzour-appelle-les-jeunes-a-offrir-des-solutions-novatrices\/"},"modified":"2022-02-25T08:52:46","modified_gmt":"2022-02-25T13:52:46","slug":"entrepreneuriat-ryad-mezzour-appelle-les-jeunes-a-offrir-des-solutions-novatrices","status":"publish","type":"post","link":"https:\/\/linitiative.ca\/International\/entrepreneuriat-ryad-mezzour-appelle-les-jeunes-a-offrir-des-solutions-novatrices\/","title":{"rendered":"Entrepreneuriat. Ryad Mezzour appelle les jeunes \u00e0 offrir des solutions novatrices"},"content":{"rendered":"<div><img decoding=\"async\" width=\"760\" height=\"470\" src=\"https:\/\/linitiative.ca\/International\/wp-content\/uploads\/sites\/23\/2022\/02\/Ryad-Mezzour-bon-1.jpg\" class=\"attachment-post-thumbnail size-post-thumbnail wp-post-image\" alt=\"\" loading=\"lazy\" srcset=\"https:\/\/linitiative.ca\/International\/wp-content\/uploads\/sites\/23\/2022\/02\/Ryad-Mezzour-bon-1.jpg 760w, https:\/\/www.challenge.ma\/wp-content\/uploads\/2021\/11\/Ryad-Mezzour-bon-1-300x186.jpg 300w, https:\/\/www.challenge.ma\/wp-content\/uploads\/2021\/11\/Ryad-Mezzour-bon-1-360x223.jpg 360w, https:\/\/www.challenge.ma\/wp-content\/uploads\/2021\/11\/Ryad-Mezzour-bon-1-750x464.jpg 750w\" sizes=\"auto, (max-width: 760px) 100vw, 760px\" itemprop=\"image\">Le ministre de l\u2019Industrie, Ryad Mezzour, exhorte les jeunes marocains \u00e0 miser sur l\u2019innovation pour offrir des solutions novatrices qui contribuent \u00e0 assurer la souverainet\u00e9 industrielle nationale. \u00ab\u00a0Le Maroc est dot\u00e9 actuellement d\u2019une capacit\u00e9 industrielle qui a d\u00e9montr\u00e9 son agilit\u00e9\u00a0\u00bb, a soulign\u00e9 le ministre de l\u2019Industrie et du commerce, Ryad<\/div>\n<p>Auteur: challenge<br \/>\n<a href=\"https:\/\/www.challenge.ma\/entrepreneuriat-ryad-mezzour-appelle-les-jeunes-a-offrir-des-solutions-novatrices-233369\/\">Cliquez ici pour lire l&rsquo;article depuis sa source.<\/a><\/p>\n","protected":false},"excerpt":{"rendered":"<p>Le ministre de l\u2019Industrie, Ryad Mezzour, exhorte les jeunes marocains \u00e0 miser sur l\u2019innovation pour offrir des solutions novatrices qui contribuent \u00e0 assurer la souverainet\u00e9 industrielle nationale. \u00ab\u00a0Le Maroc est dot\u00e9 actuellement d\u2019une capacit\u00e9 industrielle qui a d\u00e9montr\u00e9 son agilit\u00e9\u00a0\u00bb, a soulign\u00e9 le ministre de l\u2019Industrie et du commerce, Ryad Auteur: challenge Cliquez ici pour [&hellip;]<\/p>\n","protected":false},"author":1787,"featured_media":0,"comment_status":"closed","ping_status":"closed","sticky":false,"template":"","format":"standard","meta":{"fifu_image_url":"https:\/\/www.challenge.ma\/wp-content\/uploads\/2021\/11\/Ryad-Mezzour-bon-1.jpg","fifu_image_alt":"Entrepreneuriat. Ryad Mezzour appelle les jeunes \u00e0 offrir des solutions novatrices","footnotes":""},"categories":[78,54],"tags":[],"class_list":["post-141748","post","type-post","status-publish","format-standard","hentry","category-economie","category-maroc"],"_links":{"self":[{"href":"https:\/\/linitiative.ca\/International\/wp-json\/wp\/v2\/posts\/141748","targetHints":{"allow":["GET"]}}],"collection":[{"href":"https:\/\/linitiative.ca\/International\/wp-json\/wp\/v2\/posts"}],"about":[{"href":"https:\/\/linitiative.ca\/International\/wp-json\/wp\/v2\/types\/post"}],"author":[{"embeddable":true,"href":"https:\/\/linitiative.ca\/International\/wp-json\/wp\/v2\/users\/1787"}],"replies":[{"embeddable":true,"href":"https:\/\/linitiative.ca\/International\/wp-json\/wp\/v2\/comments?post=141748"}],"version-history":[{"count":0,"href":"https:\/\/linitiative.ca\/International\/wp-json\/wp\/v2\/posts\/141748\/revisions"}],"wp:attachment":[{"href":"https:\/\/linitiative.ca\/International\/wp-json\/wp\/v2\/media?parent=141748"}],"wp:term":[{"taxonomy":"category","embeddable":true,"href":"https:\/\/linitiative.ca\/International\/wp-json\/wp\/v2\/categories?post=141748"},{"taxonomy":"post_tag","embeddable":true,"href":"https:\/\/linitiative.ca\/International\/wp-json\/wp\/v2\/tags?post=141748"}],"curies":[{"name":"wp","href":"https:\/\/api.w.org\/{rel}","templated":true}]}}