{"id":141757,"date":"2022-02-25T16:00:28","date_gmt":"2022-02-25T21:00:28","guid":{"rendered":"https:\/\/linitiative.ca\/International\/conflit-russie-ukraine-le-conseil-de-lue-suspend-ladhesion-de-la-russie\/"},"modified":"2022-02-25T16:00:28","modified_gmt":"2022-02-25T21:00:28","slug":"conflit-russie-ukraine-le-conseil-de-lue-suspend-ladhesion-de-la-russie","status":"publish","type":"post","link":"https:\/\/linitiative.ca\/International\/conflit-russie-ukraine-le-conseil-de-lue-suspend-ladhesion-de-la-russie\/","title":{"rendered":"Conflit Russie-Ukraine : Le Conseil de l\u2019UE suspend l\u2019adh\u00e9sion de la Russie"},"content":{"rendered":"<div>\n<p>Le Conseil europ\u00e9en a d\u00e9cid\u00e9 aujourd\u2019hui, vendredi 25 f\u00e9vrier 2022, de suspendre toute participation de diplomates et d\u00e9l\u00e9gu\u00e9s russes aux organes les plus \u00e9minents de cette organisation \u201cavec effet imm\u00e9diat\u201d, en r\u00e9ponse \u00e0 l\u2019attaque contre l\u2019Ukraine. Le Conseil a pr\u00e9cis\u00e9 dans un communiqu\u00e9 que cette d\u00e9cision n\u2019inclut pas la Cour Europ\u00e9enne des Droits de l\u2019Homme [\u2026]<\/p>\n<p>L\u2019article <a href=\"https:\/\/www.tunisienumerique.com\/conflit-russie-ukraine-le-conseil-de-lue-suspend-ladhesion-de-la-russie\/\">Conflit Russie-Ukraine : Le Conseil de l\u2019UE suspend l\u2019adh\u00e9sion de la Russie<\/a> est apparu en premier sur <a href=\"https:\/\/www.tunisienumerique.com\/\">Tunisie<\/a>.<\/p>\n<\/div>\n<p>Auteur: rania ben slimane<br \/>\n<a href=\"https:\/\/www.tunisienumerique.com\/conflit-russie-ukraine-le-conseil-de-lue-suspend-ladhesion-de-la-russie\/\">Cliquez ici pour lire l&rsquo;article depuis sa source.<\/a><\/p>\n","protected":false},"excerpt":{"rendered":"<p>Le Conseil europ\u00e9en a d\u00e9cid\u00e9 aujourd\u2019hui, vendredi 25 f\u00e9vrier 2022, de suspendre toute participation de diplomates et d\u00e9l\u00e9gu\u00e9s russes aux organes les plus \u00e9minents de cette organisation \u201cavec effet imm\u00e9diat\u201d, en r\u00e9ponse \u00e0 l\u2019attaque contre l\u2019Ukraine. Le Conseil a pr\u00e9cis\u00e9 dans un communiqu\u00e9 que cette d\u00e9cision n\u2019inclut pas la Cour Europ\u00e9enne des Droits de l\u2019Homme [&hellip;]<\/p>\n","protected":false},"author":1789,"featured_media":0,"comment_status":"closed","ping_status":"closed","sticky":false,"template":"","format":"standard","meta":{"fifu_image_url":"","fifu_image_alt":"","footnotes":""},"categories":[73,55],"tags":[],"class_list":["post-141757","post","type-post","status-publish","format-standard","hentry","category-actualite","category-tunisie"],"_links":{"self":[{"href":"https:\/\/linitiative.ca\/International\/wp-json\/wp\/v2\/posts\/141757","targetHints":{"allow":["GET"]}}],"collection":[{"href":"https:\/\/linitiative.ca\/International\/wp-json\/wp\/v2\/posts"}],"about":[{"href":"https:\/\/linitiative.ca\/International\/wp-json\/wp\/v2\/types\/post"}],"author":[{"embeddable":true,"href":"https:\/\/linitiative.ca\/International\/wp-json\/wp\/v2\/users\/1789"}],"replies":[{"embeddable":true,"href":"https:\/\/linitiative.ca\/International\/wp-json\/wp\/v2\/comments?post=141757"}],"version-history":[{"count":0,"href":"https:\/\/linitiative.ca\/International\/wp-json\/wp\/v2\/posts\/141757\/revisions"}],"wp:attachment":[{"href":"https:\/\/linitiative.ca\/International\/wp-json\/wp\/v2\/media?parent=141757"}],"wp:term":[{"taxonomy":"category","embeddable":true,"href":"https:\/\/linitiative.ca\/International\/wp-json\/wp\/v2\/categories?post=141757"},{"taxonomy":"post_tag","embeddable":true,"href":"https:\/\/linitiative.ca\/International\/wp-json\/wp\/v2\/tags?post=141757"}],"curies":[{"name":"wp","href":"https:\/\/api.w.org\/{rel}","templated":true}]}}