{"id":141761,"date":"2022-02-25T07:04:44","date_gmt":"2022-02-25T12:04:44","guid":{"rendered":"https:\/\/linitiative.ca\/International\/incivisme-routier-un-vehicule-mise-en-fourriere-pour-degradation-de-bien-public\/"},"modified":"2022-02-25T07:04:44","modified_gmt":"2022-02-25T12:04:44","slug":"incivisme-routier-un-vehicule-mise-en-fourriere-pour-degradation-de-bien-public","status":"publish","type":"post","link":"https:\/\/linitiative.ca\/International\/incivisme-routier-un-vehicule-mise-en-fourriere-pour-degradation-de-bien-public\/","title":{"rendered":"Incivisme routier : Un v\u00e9hicule mise en fourri\u00e8re pour d\u00e9gradation de bien public."},"content":{"rendered":"<div>\n<p>Dans la soir\u00e9e du jeudi 24 f\u00e9vrier 2022, un camion poids lourd avec un chargement hors gabarit a endommag\u00e9 un portique sur le boulevard des TENSOABA.<\/p>\n<p>La Police Municipale informe l\u2019opinion publique qu\u2019apr\u00e8s les constatations de la Section des Accidents du Commissariat de l\u2019Arrondissement 12, le dit-v\u00e9hicule a \u00e9t\u00e9 mis en fourri\u00e8re \u00e0 la Direction G\u00e9n\u00e9rale de la Police Municipale pour la suite de la proc\u00e9dure.<\/p>\n<p>La Police Municipale invite les transporteurs au respect strict des r\u00e8gles de chargement.<\/p>\n<p>Le Service de l\u2019Information et de la Communication\/Police Municipale.<\/p>\n<p><strong>Contacts: ligne verte: 80.00.11.03<\/strong><br \/>\n<strong>WhatsApp (seulement sur messagerie) 70.00.83.41<\/strong><\/p>\n<p>\u00a0<\/p>\n<p>L\u2019article <a rel=\"nofollow\" href=\"https:\/\/www.sidwaya.info\/blog\/2022\/02\/25\/incivisme-routier-un-vehicule-mise-en-fourriere-pour-degradation-de-bien-public\/\">Incivisme routier : Un v\u00e9hicule mise en fourri\u00e8re pour d\u00e9gradation de bien public.<\/a> est apparu en premier sur <a rel=\"nofollow\" href=\"https:\/\/www.sidwaya.info\/\">Quotidien Sidwaya<\/a>.<\/p>\n<\/div>\n<p>Auteur: Wamini SIDWAYA<br \/>\n<a href=\"https:\/\/www.sidwaya.info\/blog\/2022\/02\/25\/incivisme-routier-un-vehicule-mise-en-fourriere-pour-degradation-de-bien-public\/?utm_source=rss&#038;utm_medium=rss&#038;utm_campaign=incivisme-routier-un-vehicule-mise-en-fourriere-pour-degradation-de-bien-public\">Cliquez ici pour lire l&rsquo;article depuis sa source.<\/a><\/p>\n","protected":false},"excerpt":{"rendered":"<p>Dans la soir\u00e9e du jeudi 24 f\u00e9vrier 2022, un camion poids lourd avec un chargement hors gabarit a endommag\u00e9 un portique sur le boulevard des TENSOABA. La Police Municipale informe l\u2019opinion publique qu\u2019apr\u00e8s les constatations de la Section des Accidents du Commissariat de l\u2019Arrondissement 12, le dit-v\u00e9hicule a \u00e9t\u00e9 mis en fourri\u00e8re \u00e0 la Direction [&hellip;]<\/p>\n","protected":false},"author":1816,"featured_media":0,"comment_status":"closed","ping_status":"closed","sticky":false,"template":"","format":"standard","meta":{"fifu_image_url":"","fifu_image_alt":"","footnotes":""},"categories":[73,81],"tags":[],"class_list":["post-141761","post","type-post","status-publish","format-standard","hentry","category-actualite","category-burkina-faso"],"_links":{"self":[{"href":"https:\/\/linitiative.ca\/International\/wp-json\/wp\/v2\/posts\/141761","targetHints":{"allow":["GET"]}}],"collection":[{"href":"https:\/\/linitiative.ca\/International\/wp-json\/wp\/v2\/posts"}],"about":[{"href":"https:\/\/linitiative.ca\/International\/wp-json\/wp\/v2\/types\/post"}],"author":[{"embeddable":true,"href":"https:\/\/linitiative.ca\/International\/wp-json\/wp\/v2\/users\/1816"}],"replies":[{"embeddable":true,"href":"https:\/\/linitiative.ca\/International\/wp-json\/wp\/v2\/comments?post=141761"}],"version-history":[{"count":0,"href":"https:\/\/linitiative.ca\/International\/wp-json\/wp\/v2\/posts\/141761\/revisions"}],"wp:attachment":[{"href":"https:\/\/linitiative.ca\/International\/wp-json\/wp\/v2\/media?parent=141761"}],"wp:term":[{"taxonomy":"category","embeddable":true,"href":"https:\/\/linitiative.ca\/International\/wp-json\/wp\/v2\/categories?post=141761"},{"taxonomy":"post_tag","embeddable":true,"href":"https:\/\/linitiative.ca\/International\/wp-json\/wp\/v2\/tags?post=141761"}],"curies":[{"name":"wp","href":"https:\/\/api.w.org\/{rel}","templated":true}]}}