{"id":141762,"date":"2022-02-25T08:58:28","date_gmt":"2022-02-25T13:58:28","guid":{"rendered":"https:\/\/linitiative.ca\/International\/accident-de-pa-sur-la-rn1-sous-le-choc-les-blesses-temoignent\/"},"modified":"2022-02-25T08:58:28","modified_gmt":"2022-02-25T13:58:28","slug":"accident-de-pa-sur-la-rn1-sous-le-choc-les-blesses-temoignent","status":"publish","type":"post","link":"https:\/\/linitiative.ca\/International\/accident-de-pa-sur-la-rn1-sous-le-choc-les-blesses-temoignent\/","title":{"rendered":"Accident de P\u00e2 sur la RN1 : Sous le choc, les bless\u00e9s t\u00e9moignent"},"content":{"rendered":"<div>\n<p><strong>Un car en provenance de Niangoloko, ville frontali\u00e8re avec la C\u00f4te d\u2019ivoire pour Ouagadougou a termin\u00e9 sa course dans le d\u00e9cor dans l\u2019apr\u00e8s-midi du jeudi 24 f\u00e9vrier 2022, \u00e0 l\u2019entr\u00e9e de P\u00e2, sur la route nationale 1 (RN1). Le bilan fait six morts et plus d\u2019une vingtaine de bless\u00e9s. Quelques bless\u00e9s t\u00e9moignent.<\/strong><\/p>\n<p>Suite \u00e0 l\u2019accident d\u2019un car de transport en commun, le jeudi 24 f\u00e9vrier 2022, \u00e0 l\u2019entr\u00e9e de P\u00e2, sur la Route nationale 1 (RN1), le bilan \u00e0 l\u2019issue des op\u00e9rations de secours et de constatation n\u2019a pas chang\u00e9. Il s\u2019agit de six morts dont deux femmes et deux enfants (une fille et un gar\u00e7on de 4 et 5 ans) et plus d\u2019une vingtaine de bless\u00e9s \u00e9vacu\u00e9s au Centre m\u00e9dical avec antenne chirurgicale (CMA) de Boromo et au Centre de sant\u00e9 et de promotion sociale (CSPS) de P\u00e2. Le conducteur du car, Madi Rabo, touch\u00e9 \u00e0 la main et au front est admis au CSPS de P\u00e2. Visiblement sous le choc, il a soutenu que c\u2019est aux environs de 22 heures, la veille mercredi 23 f\u00e9vrier 2022, que son v\u00e9hicule a quitt\u00e9 Niangoloko \u00e0 destination de Ouagadougou. <em>\u00ab\u00a0Notre v\u00e9hicule n\u2019avait aucun probl\u00e8me. La preuve en est que nous avons effectu\u00e9 plusieurs voyages avec le m\u00eame v\u00e9hicule \u00bb<\/em> a-t-il fait savoir. A l\u2019entendre, c\u2019est \u00e0 l\u2019entr\u00e9e de la commune de P\u00e2 qu\u2019il a subitement re\u00e7u la vitre du v\u00e9hicule en plein visage. Il dit avoir perdu le contr\u00f4le de l\u2019engin qui s\u2019est renverser au bas-c\u00f4t\u00e9 gauche de la route. Abou Bazi\u00e9, un autre bless\u00e9, est cultivateur dans la localit\u00e9 de Divo au Sud de la C\u00f4te d\u2019ivoire. <em>\u00ab\u00a0C\u2019est \u00e0 Niangoloko que j\u2019ai pris le car dans le but d\u2019aller voir mes parents \u00e0 Goundi\u00a0\u00bb, <\/em>a-t-il soutenu. Selon lui, le conducteur n\u2019y est pour rien car, a-t-il dit, arriv\u00e9 au lieu de l\u2019incident, il fut perturb\u00e9 par un tourbillon. Toutefois, il a fait remarquer que le v\u00e9hicule avait \u00e0 son bord environ une centaine de passagers.<\/p>\n<p>Le commandant de brigade de gendarmerie de P\u00e2, l\u2019adjudant-chef, Armand Kambou, sans \u00e9carter l\u2019hypoth\u00e8se du tourbillon comme cause de l\u2019accident estime qu\u2019il y a certainement eu un exc\u00e8s de vitesse. \u00ab\u00a0<em>M\u00eame s\u2019il y a un tourbillon et que le car n\u2019est pas en vitesse, le conducteur peut ma\u00eetriser la situation\u00a0\u00bb, <\/em>a-t-il insist\u00e9<em>.<\/em> Et d\u2019ajouter qu\u2019il y a eu aussi la surcharge parce que lors de l\u2019accident, les passagers n\u2019ont pas pu sortir vite et il y avait aussi trop de bagages dans le v\u00e9hicule. Pour cela, il a exhort\u00e9 les usagers de la route \u00e0 respecter la limitation de vitesse et \u00e9viter les surcharges dans la circulation.<\/p>\n<p>Sur la vingtaine de bless\u00e9s, 17 cas ont \u00e9t\u00e9 enregistr\u00e9s au niveau du CSPS de P\u00e2, selon m\u00e9decin chef de poste, Adama Laurent Ouattara. Parmi ces bless\u00e9s, a-t-il pr\u00e9cis\u00e9, 12 ont pu \u00eatre pris en charge et il n\u2019y aurait pas d\u2019inqui\u00e9tude \u00e0 se faire, leur pronostic vital n\u2019\u00e9tant pas engag\u00e9. Par contre, a-t-il signifi\u00e9, les 5 autres cas ont \u00e9t\u00e9 \u00e9vacu\u00e9s au CMA de Boromo.<\/p>\n<p style=\"text-align: right\"><strong>\u00a0\u00a0\u00a0\u00a0\u00a0\u00a0\u00a0\u00a0\u00a0\u00a0\u00a0\u00a0\u00a0 Babou Eric Bazi\u00e9<\/strong><\/p>\n<p style=\"text-align: right\"><strong>\u00a0 \u00a0 Aib\/Tuy <\/strong><\/p>\n<p>L\u2019article <a rel=\"nofollow\" href=\"https:\/\/www.sidwaya.info\/blog\/2022\/02\/25\/accident-de-pa-sur-la-rn1-sous-le-choc-les-blesses-temoignent\/\">Accident de P\u00e2 sur la RN1 : Sous le choc, les bless\u00e9s t\u00e9moignent<\/a> est apparu en premier sur <a rel=\"nofollow\" href=\"https:\/\/www.sidwaya.info\/\">Quotidien Sidwaya<\/a>.<\/p>\n<\/div>\n<p>Auteur: BS. Sidwaya<br \/>\n<a href=\"https:\/\/www.sidwaya.info\/blog\/2022\/02\/25\/accident-de-pa-sur-la-rn1-sous-le-choc-les-blesses-temoignent\/?utm_source=rss&#038;utm_medium=rss&#038;utm_campaign=accident-de-pa-sur-la-rn1-sous-le-choc-les-blesses-temoignent\">Cliquez ici pour lire l&rsquo;article depuis sa source.<\/a><\/p>\n","protected":false},"excerpt":{"rendered":"<p>Un car en provenance de Niangoloko, ville frontali\u00e8re avec la C\u00f4te d\u2019ivoire pour Ouagadougou a termin\u00e9 sa course dans le d\u00e9cor dans l\u2019apr\u00e8s-midi du jeudi 24 f\u00e9vrier 2022, \u00e0 l\u2019entr\u00e9e de P\u00e2, sur la route nationale 1 (RN1). Le bilan fait six morts et plus d\u2019une vingtaine de bless\u00e9s. Quelques bless\u00e9s t\u00e9moignent. Suite \u00e0 l\u2019accident [&hellip;]<\/p>\n","protected":false},"author":1816,"featured_media":0,"comment_status":"closed","ping_status":"closed","sticky":false,"template":"","format":"standard","meta":{"fifu_image_url":"","fifu_image_alt":"","footnotes":""},"categories":[73,81],"tags":[],"class_list":["post-141762","post","type-post","status-publish","format-standard","hentry","category-actualite","category-burkina-faso"],"_links":{"self":[{"href":"https:\/\/linitiative.ca\/International\/wp-json\/wp\/v2\/posts\/141762","targetHints":{"allow":["GET"]}}],"collection":[{"href":"https:\/\/linitiative.ca\/International\/wp-json\/wp\/v2\/posts"}],"about":[{"href":"https:\/\/linitiative.ca\/International\/wp-json\/wp\/v2\/types\/post"}],"author":[{"embeddable":true,"href":"https:\/\/linitiative.ca\/International\/wp-json\/wp\/v2\/users\/1816"}],"replies":[{"embeddable":true,"href":"https:\/\/linitiative.ca\/International\/wp-json\/wp\/v2\/comments?post=141762"}],"version-history":[{"count":0,"href":"https:\/\/linitiative.ca\/International\/wp-json\/wp\/v2\/posts\/141762\/revisions"}],"wp:attachment":[{"href":"https:\/\/linitiative.ca\/International\/wp-json\/wp\/v2\/media?parent=141762"}],"wp:term":[{"taxonomy":"category","embeddable":true,"href":"https:\/\/linitiative.ca\/International\/wp-json\/wp\/v2\/categories?post=141762"},{"taxonomy":"post_tag","embeddable":true,"href":"https:\/\/linitiative.ca\/International\/wp-json\/wp\/v2\/tags?post=141762"}],"curies":[{"name":"wp","href":"https:\/\/api.w.org\/{rel}","templated":true}]}}