{"id":141764,"date":"2022-02-25T11:29:34","date_gmt":"2022-02-25T16:29:34","guid":{"rendered":"https:\/\/linitiative.ca\/International\/master-class-de-listic-sur-les-speciaux-la-dcm-partage-lexperience-des-editions-sidwaya\/"},"modified":"2022-02-25T11:29:34","modified_gmt":"2022-02-25T16:29:34","slug":"master-class-de-listic-sur-les-speciaux-la-dcm-partage-lexperience-des-editions-sidwaya","status":"publish","type":"post","link":"https:\/\/linitiative.ca\/International\/master-class-de-listic-sur-les-speciaux-la-dcm-partage-lexperience-des-editions-sidwaya\/","title":{"rendered":"Master class de l\u2019ISTIC sur les sp\u00e9ciaux\u00a0: La DCM partage l\u2019exp\u00e9rience des Editions Sidwaya\u00a0"},"content":{"rendered":"<div>\n<p><strong>Dans le cadre de ses activit\u00e9s de la premi\u00e8re phase des Master class 2022, l\u2019Institut des sciences et techniques de l\u2019information et de la communication (ISTIC) a initi\u00e9 une conf\u00e9rence publique, ce vendredi 25 f\u00e9vrier 2022 au sein de l\u2019institut<\/strong>.<\/p>\n<p>La rencontre a port\u00e9 sur le th\u00e8me :\u00a0<em>\u00ab\u00a0Partage d\u2019exp\u00e9riences sur l\u2019\u00e9dition, l\u2019impression et la distribution des sp\u00e9ciaux r\u00e9alis\u00e9s par certaines r\u00e9dactions au Burkina\u00a0\u00bb.<\/em> Pour ce faire, c\u2019est la directrice commerciale et marketing des Editions Sidwaya, Assetou Badoh\/Guir\u00e9 et du directeur de publication de l\u2019Economiste du Faso, Abdoulaye Tao, qui ont \u00e9t\u00e9 d\u00e9sign\u00e9s pour partager leurs exp\u00e9riences avec les apprenants.<\/p>\n<p>Mme Badoh a tenu d\u2019abord \u00e0 remercier les organisateurs pour le choix port\u00e9 sur sa structure. Ensuite elle a fait une communication sur les sp\u00e9ciaux r\u00e9alis\u00e9s par la Maison commune. A ce titre, elle a expliqu\u00e9 que les sp\u00e9ciaux entrent dans le cadre des axes strat\u00e9giques pour la mobilisation des ressources financi\u00e8res de Sidwaya. En plus, ils visent \u00e0 accompagner l\u2019Etat dans sa politique de d\u00e9veloppement et \u00e0 promouvoir l\u2019image et la notori\u00e9t\u00e9 du journal de tous les Burkinab\u00e8.<\/p>\n<p><img decoding=\"async\" loading=\"lazy\" class=\"alignnone wp-image-46104 size-full\" src=\"https:\/\/linitiative.ca\/International\/wp-content\/uploads\/sites\/23\/2022\/02\/ph-MEM.jpg\" alt=\"\" width=\"900\" height=\"675\" srcset=\"https:\/\/linitiative.ca\/International\/wp-content\/uploads\/sites\/23\/2022\/02\/ph-MEM.jpg 900w, https:\/\/www.sidwaya.info\/wp-content\/uploads\/2022\/02\/ph-MEM-300x225.jpg 300w, https:\/\/www.sidwaya.info\/wp-content\/uploads\/2022\/02\/ph-MEM-768x576.jpg 768w, https:\/\/www.sidwaya.info\/wp-content\/uploads\/2022\/02\/ph-MEM-150x113.jpg 150w, https:\/\/www.sidwaya.info\/wp-content\/uploads\/2022\/02\/ph-MEM-696x522.jpg 696w, https:\/\/www.sidwaya.info\/wp-content\/uploads\/2022\/02\/ph-MEM-560x420.jpg 560w, https:\/\/www.sidwaya.info\/wp-content\/uploads\/2022\/02\/ph-MEM-80x60.jpg 80w, https:\/\/www.sidwaya.info\/wp-content\/uploads\/2022\/02\/ph-MEM-265x198.jpg 265w\" sizes=\"auto, (max-width: 900px) 100vw, 900px\"><\/p>\n<p>Au nombre des sp\u00e9ciaux r\u00e9alis\u00e9s, on peut citer, entre autres, les sp\u00e9ciaux du TAC, de la Journ\u00e9e du paysan, du 11-D\u00e9cembre et de la Coop\u00e9ration Chine-Burkina Faso. Quant \u00e0 M. Tao, apr\u00e8s une br\u00e8ve pr\u00e9sentation de son journal, il a tenu \u00e0 partager son exp\u00e9rience sur les r\u00e9alit\u00e9s de la presse \u00e9crite au Burkina Faso.<\/p>\n<p>Il s\u2019agit notamment des difficult\u00e9s li\u00e9es \u00e0 a commercialisation des espaces publicitaires et au probl\u00e8me d\u2019\u00e9coulement des journaux. Cette rencontre a \u00e9t\u00e9 \u00e9galement une occasion pour les stagiaires de l\u2019ISTIC d\u2019avoir des r\u00e9ponses \u00e0 leurs pr\u00e9occupations.<\/p>\n<p><strong>Service communication des Editions Sidwaya<\/strong><\/p>\n<p>L\u2019article <a rel=\"nofollow\" href=\"https:\/\/www.sidwaya.info\/blog\/2022\/02\/25\/master-class-de-listic-sur-les-speciaux-la-dcm-partage-lexperience-des-editions-sidwaya\/\">Master class de l\u2019ISTIC sur les sp\u00e9ciaux\u00a0: La DCM partage l\u2019exp\u00e9rience des Editions Sidwaya\u00a0<\/a> est apparu en premier sur <a rel=\"nofollow\" href=\"https:\/\/www.sidwaya.info\/\">Quotidien Sidwaya<\/a>.<\/p>\n<\/div>\n<p>Auteur: Wamini SIDWAYA<br \/>\n<a href=\"https:\/\/www.sidwaya.info\/blog\/2022\/02\/25\/master-class-de-listic-sur-les-speciaux-la-dcm-partage-lexperience-des-editions-sidwaya\/?utm_source=rss&#038;utm_medium=rss&#038;utm_campaign=master-class-de-listic-sur-les-speciaux-la-dcm-partage-lexperience-des-editions-sidwaya\">Cliquez ici pour lire l&rsquo;article depuis sa source.<\/a><\/p>\n","protected":false},"excerpt":{"rendered":"<p>Dans le cadre de ses activit\u00e9s de la premi\u00e8re phase des Master class 2022, l\u2019Institut des sciences et techniques de l\u2019information et de la communication (ISTIC) a initi\u00e9 une conf\u00e9rence publique, ce vendredi 25 f\u00e9vrier 2022 au sein de l\u2019institut. La rencontre a port\u00e9 sur le th\u00e8me :\u00a0\u00ab\u00a0Partage d\u2019exp\u00e9riences sur l\u2019\u00e9dition, l\u2019impression et la distribution [&hellip;]<\/p>\n","protected":false},"author":1816,"featured_media":0,"comment_status":"closed","ping_status":"closed","sticky":false,"template":"","format":"standard","meta":{"fifu_image_url":"https:\/\/www.sidwaya.info\/wp-content\/uploads\/2022\/02\/ph-MEM.jpg","fifu_image_alt":"Master class de l\u2019ISTIC sur les sp\u00e9ciaux\u00a0: La DCM partage l\u2019exp\u00e9rience des Editions Sidwaya\u00a0","footnotes":""},"categories":[73,81],"tags":[],"class_list":["post-141764","post","type-post","status-publish","format-standard","hentry","category-actualite","category-burkina-faso"],"_links":{"self":[{"href":"https:\/\/linitiative.ca\/International\/wp-json\/wp\/v2\/posts\/141764","targetHints":{"allow":["GET"]}}],"collection":[{"href":"https:\/\/linitiative.ca\/International\/wp-json\/wp\/v2\/posts"}],"about":[{"href":"https:\/\/linitiative.ca\/International\/wp-json\/wp\/v2\/types\/post"}],"author":[{"embeddable":true,"href":"https:\/\/linitiative.ca\/International\/wp-json\/wp\/v2\/users\/1816"}],"replies":[{"embeddable":true,"href":"https:\/\/linitiative.ca\/International\/wp-json\/wp\/v2\/comments?post=141764"}],"version-history":[{"count":0,"href":"https:\/\/linitiative.ca\/International\/wp-json\/wp\/v2\/posts\/141764\/revisions"}],"wp:attachment":[{"href":"https:\/\/linitiative.ca\/International\/wp-json\/wp\/v2\/media?parent=141764"}],"wp:term":[{"taxonomy":"category","embeddable":true,"href":"https:\/\/linitiative.ca\/International\/wp-json\/wp\/v2\/categories?post=141764"},{"taxonomy":"post_tag","embeddable":true,"href":"https:\/\/linitiative.ca\/International\/wp-json\/wp\/v2\/tags?post=141764"}],"curies":[{"name":"wp","href":"https:\/\/api.w.org\/{rel}","templated":true}]}}