{"id":141766,"date":"2022-02-25T14:01:25","date_gmt":"2022-02-25T19:01:25","guid":{"rendered":"https:\/\/linitiative.ca\/International\/lutte-contre-le-terrorisme-le-president-du-faso-solidaire-des-blesses-de-guerre-des-veuves-et-orphelins\/"},"modified":"2022-02-25T14:01:25","modified_gmt":"2022-02-25T19:01:25","slug":"lutte-contre-le-terrorisme-le-president-du-faso-solidaire-des-blesses-de-guerre-des-veuves-et-orphelins","status":"publish","type":"post","link":"https:\/\/linitiative.ca\/International\/lutte-contre-le-terrorisme-le-president-du-faso-solidaire-des-blesses-de-guerre-des-veuves-et-orphelins\/","title":{"rendered":"Lutte contre le terrorisme\u00a0: le pr\u00e9sident du Faso solidaire des bless\u00e9s de guerre, des veuves et orphelins"},"content":{"rendered":"<div>\n<p>Ce t\u00e9moignage de solidarit\u00e9 exprim\u00e9 ce matin par le chef de l\u2019Etat, s\u2019est d\u2019abord traduit par un briefing avec les responsables du centre m\u00e9dical du Camp G\u00e9n\u00e9ral Aboubacar Sangoul\u00e9 Lamizana.<br \/>\nLe lieutenant-colonel Paul-Henri Sandoago Damiba a ensuite fait le tour des salles d\u2019hospitalisation pour s\u2019enqu\u00e9rir de l\u2019\u00e9tat de sant\u00e9 des bless\u00e9s de guerre et leur apporter du r\u00e9confort. Il s\u2019agit \u00e0 la fois des \u00e9l\u00e9ments des Forces de D\u00e9fense et de S\u00e9curit\u00e9 (FDS) et des Volontaires pour la D\u00e9fense de la Patrie (VDP) bless\u00e9s sur diff\u00e9rents th\u00e9\u00e2tres d\u2019op\u00e9rations.<br \/>\nLe pr\u00e9sident du Faso a salu\u00e9 le d\u00e9vouement du personnel soignant et leur a exprim\u00e9 ses encouragements pour une meilleure prise en charge des bless\u00e9s de guerre.<br \/>\nLe m\u00e9decin lieutenant-colonel Jonathan Bassinga, chef de la clinique Chirurgie-traumato-orthop\u00e9die du centre m\u00e9dical du Camp G\u00e9n\u00e9ral Aboubacar Sangoul\u00e9 Lamizana, s\u2019est r\u00e9joui de la visite du chef de l\u2019Etat et a plaid\u00e9 pour l\u2019acquisition d\u2019\u00e9quipements de pointe pour une prise en charge ad\u00e9quate des bless\u00e9s \u00ab\u00a0constitu\u00e9s essentiellement des traumatismes balistiques souvent \u00e0 haute \u00e9nergie, des traumatismes de membres\u00a0\u00bb. Selon lui, 80 \u00e0 90% des bless\u00e9s qui arrivent au centre m\u00e9dical sont pris en charge et op\u00e9r\u00e9s sur place.<br \/>\nApr\u00e8s le centre m\u00e9dical, le pr\u00e9sident du Faso s\u2019est rendu au centre d\u2019\u00e9ducation et de promotion sociale des Arm\u00e9es pour encourager les veuves et les orphelins des militaires tomb\u00e9s au front. Dans ce centre, ces veuves suivent des formations initi\u00e9es par un projet de r\u00e9insertion sociale d\u00e9nomm\u00e9 Go Paga.<\/p>\n<p><img decoding=\"async\" loading=\"lazy\" class=\"alignnone wp-image-46107 size-full\" src=\"https:\/\/linitiative.ca\/International\/wp-content\/uploads\/sites\/23\/2022\/02\/AX1I7530.jpg\" alt=\"\" width=\"800\" height=\"533\" srcset=\"https:\/\/linitiative.ca\/International\/wp-content\/uploads\/sites\/23\/2022\/02\/AX1I7530.jpg 800w, https:\/\/www.sidwaya.info\/wp-content\/uploads\/2022\/02\/AX1I7530-300x200.jpg 300w, https:\/\/www.sidwaya.info\/wp-content\/uploads\/2022\/02\/AX1I7530-768x512.jpg 768w, https:\/\/www.sidwaya.info\/wp-content\/uploads\/2022\/02\/AX1I7530-150x100.jpg 150w, https:\/\/www.sidwaya.info\/wp-content\/uploads\/2022\/02\/AX1I7530-696x464.jpg 696w, https:\/\/www.sidwaya.info\/wp-content\/uploads\/2022\/02\/AX1I7530-630x420.jpg 630w\" sizes=\"auto, (max-width: 800px) 100vw, 800px\">Le chef de l\u2019Etat y a visit\u00e9 des ateliers de formation en art culinaire, en saponification, en coiffure et en couture ainsi que la garderie d\u2019enfants cr\u00e9\u00e9e pour faciliter la participation des veuves aux diff\u00e9rentes formations.<br \/>\nPour Mme Fadima Kambou, initiatrice du projet Go Paga, cette visite du pr\u00e9sident du Faso est un message fort qui t\u00e9moigne de la sensibilit\u00e9 des autorit\u00e9s face \u00e0 la situation de ces femmes. \u00ab\u00a0L\u2019id\u00e9e est de mettre en place des centres pour que des veuves puissent apprendre, s\u2019autonomiser pour celles qui n\u2019ont pas de dipl\u00f4mes. Pour celles qui ont des dipl\u00f4mes, nous les accompagnons \u00e0 rejoindre des entreprises, pour celles qui sont en \u00e9tudes, nous les accompagnons \u00e0 terminer leurs \u00e9tudes et une assurance maladies pour les enfants\u00a0\u00bb, a-t-elle d\u00e9clar\u00e9.<br \/>\n\u00ab Tr\u00e8s ravi de venir ce matin sur le site de Go Paga et de constater l\u2019\u00e9nergie mise en \u0153uvre pour accompagner les veuves et les orphelins des FDS victimes des violences extr\u00e9mistes. Cette dynamique que vous t\u00e9moignez est un acte de patriotisme \u00e0 reconna\u00eetre, \u00e0 saluer et \u00e0 soutenir \u00bb, a \u00e9crit le pr\u00e9sident du Faso dans le livre d\u2019or du centre d\u2019\u00e9ducation et de promotion sociale des Arm\u00e9es apr\u00e8s sa visite.<\/p>\n<p>Direction de la communication de la pr\u00e9sidence du Faso<\/p>\n<p>L\u2019article <a rel=\"nofollow\" href=\"https:\/\/www.sidwaya.info\/blog\/2022\/02\/25\/lutte-contre-le-terrorisme-le-president-du-faso-solidaire-des-blesses-de-guerre-des-veuves-et-orphelins\/\">Lutte contre le terrorisme\u00a0: le pr\u00e9sident du Faso solidaire des bless\u00e9s de guerre, des veuves et orphelins<\/a> est apparu en premier sur <a rel=\"nofollow\" href=\"https:\/\/www.sidwaya.info\/\">Quotidien Sidwaya<\/a>.<\/p>\n<\/div>\n<p>Auteur: BS. Sidwaya<br \/>\n<a href=\"https:\/\/www.sidwaya.info\/blog\/2022\/02\/25\/lutte-contre-le-terrorisme-le-president-du-faso-solidaire-des-blesses-de-guerre-des-veuves-et-orphelins\/?utm_source=rss&#038;utm_medium=rss&#038;utm_campaign=lutte-contre-le-terrorisme-le-president-du-faso-solidaire-des-blesses-de-guerre-des-veuves-et-orphelins\">Cliquez ici pour lire l&rsquo;article depuis sa source.<\/a><\/p>\n","protected":false},"excerpt":{"rendered":"<p>Ce t\u00e9moignage de solidarit\u00e9 exprim\u00e9 ce matin par le chef de l\u2019Etat, s\u2019est d\u2019abord traduit par un briefing avec les responsables du centre m\u00e9dical du Camp G\u00e9n\u00e9ral Aboubacar Sangoul\u00e9 Lamizana. Le lieutenant-colonel Paul-Henri Sandoago Damiba a ensuite fait le tour des salles d\u2019hospitalisation pour s\u2019enqu\u00e9rir de l\u2019\u00e9tat de sant\u00e9 des bless\u00e9s de guerre et leur [&hellip;]<\/p>\n","protected":false},"author":1816,"featured_media":0,"comment_status":"closed","ping_status":"closed","sticky":false,"template":"","format":"standard","meta":{"fifu_image_url":"https:\/\/www.sidwaya.info\/wp-content\/uploads\/2022\/02\/AX1I7530.jpg","fifu_image_alt":"Lutte contre le terrorisme\u00a0: le pr\u00e9sident du Faso solidaire des bless\u00e9s de guerre, des veuves et orphelins","footnotes":""},"categories":[73,81],"tags":[],"class_list":["post-141766","post","type-post","status-publish","format-standard","hentry","category-actualite","category-burkina-faso"],"_links":{"self":[{"href":"https:\/\/linitiative.ca\/International\/wp-json\/wp\/v2\/posts\/141766","targetHints":{"allow":["GET"]}}],"collection":[{"href":"https:\/\/linitiative.ca\/International\/wp-json\/wp\/v2\/posts"}],"about":[{"href":"https:\/\/linitiative.ca\/International\/wp-json\/wp\/v2\/types\/post"}],"author":[{"embeddable":true,"href":"https:\/\/linitiative.ca\/International\/wp-json\/wp\/v2\/users\/1816"}],"replies":[{"embeddable":true,"href":"https:\/\/linitiative.ca\/International\/wp-json\/wp\/v2\/comments?post=141766"}],"version-history":[{"count":0,"href":"https:\/\/linitiative.ca\/International\/wp-json\/wp\/v2\/posts\/141766\/revisions"}],"wp:attachment":[{"href":"https:\/\/linitiative.ca\/International\/wp-json\/wp\/v2\/media?parent=141766"}],"wp:term":[{"taxonomy":"category","embeddable":true,"href":"https:\/\/linitiative.ca\/International\/wp-json\/wp\/v2\/categories?post=141766"},{"taxonomy":"post_tag","embeddable":true,"href":"https:\/\/linitiative.ca\/International\/wp-json\/wp\/v2\/tags?post=141766"}],"curies":[{"name":"wp","href":"https:\/\/api.w.org\/{rel}","templated":true}]}}