{"id":141768,"date":"2022-02-25T10:18:03","date_gmt":"2022-02-25T15:18:03","guid":{"rendered":"https:\/\/linitiative.ca\/International\/vers-des-convergences-de-vues-entre-le-mali-et-la-cedeao\/"},"modified":"2022-02-25T10:18:03","modified_gmt":"2022-02-25T15:18:03","slug":"vers-des-convergences-de-vues-entre-le-mali-et-la-cedeao","status":"publish","type":"post","link":"https:\/\/linitiative.ca\/International\/vers-des-convergences-de-vues-entre-le-mali-et-la-cedeao\/","title":{"rendered":"Vers des convergences de vues entre le Mali et la Cedeao ?"},"content":{"rendered":"<div>\n<p><img decoding=\"async\" width=\"287\" height=\"176\" src=\"https:\/\/linitiative.ca\/International\/wp-content\/uploads\/sites\/23\/2022\/02\/16458022834906.jpg\" class=\"attachment-post-thumbnail size-post-thumbnail wp-post-image\" alt=\"\" loading=\"lazy\"><\/p>\n<p>Peu apr\u00e8s son arriv\u00e9e jeudi dans la capitale malienne, le m\u00e9diateur de la Cedeao a \u00e9t\u00e9 re\u00e7u en audience, au palais de Koulouba, par le pr\u00e9sident de la Transition, le colonel Assimi Go\u00efta.L&rsquo;objectif de l&rsquo;organisation sous-r\u00e9gionale est de convaincre les militaires au pouvoir d&rsquo;organiser les \u00e9lections le plus rapidement possible. Des informations relay\u00e9es par plusieurs m\u00e9dias indiquent que Goodluck Jonathan est venu dans ses bagages avec un document de deux plans pour une sortie de crise. Le premier plan proposerait une transition d&rsquo;une \u00a0dur\u00e9e de douze mois alors que le second en sugg\u00e9rerait seize.<\/p>\n<p>Interrog\u00e9 \u00e0 ce sujet, l&rsquo;ancien pr\u00e9sident nig\u00e9rian a reconnu qu&rsquo;il y a \u00ab certains points qui ne sont pas enti\u00e8rement faux\u00a0\u00bb. Cependant, \u00ab\u00a0ce document n&rsquo;est pas la derni\u00e8re version (\u2026) du cadre \u00e9labor\u00e9 par le groupe de travail technique \u00bb, a-t-il pr\u00e9cis\u00e9.<\/p>\n<p>Par ailleurs, le document final devra \u00eatre partag\u00e9 \u00ab\u00a0avec la partie malienne qui va r\u00e9agir l\u00e0-dessus et permettre la poursuite des discussions \u00bb, selon Goodluck Jonathan. \u00ab Quand cela sera fait, nous pourrons mieux nous prononcer sur la dur\u00e9e de la Transition et quand est-ce que les \u00e9lections pourront se d\u00e9rouler \u00bb, a-t-il ajout\u00e9.<\/p>\n<p>L&rsquo;ancien pr\u00e9sident nig\u00e9rian esp\u00e8re une sortie de crise rapide entre les autorit\u00e9s maliennes et la Cedeao, qui a prononc\u00e9 depuis le 9 janvier de lourdes sanctions \u00e9conomiques et politiques contre le Mali. Son d\u00e9placement \u00e0 Bamako est surtout motiv\u00e9 par \u00ab le besoin d&rsquo;affiner les discussions pour voir comment nous pouvons aller de l&rsquo;avant \u00bb, a-t-il indiqu\u00e9, avant de noter que les \u00e9changes devront indiquer la meilleure voie \u00a0\u00e0 suivre pour une \u00e9ventuelle lev\u00e9e des sanctions.<\/p>\n<p>De son c\u00f4t\u00e9, le ministre malien des Affaires \u00e9trang\u00e8res et de la Coop\u00e9ration internationale, Abdoulaye Diop, s&rsquo;est f\u00e9licit\u00e9 du fait que leurs \u00ab \u00e9quipes aient pu proc\u00e9der \u00e0 une \u00e9valuation technique afin de convenir des \u00e9l\u00e9ments qui sont dans ce document. Pour ce qui concerne le reste, il est jug\u00e9 n\u00e9cessaire que les discussions puissent se poursuivre pour pouvoir arriver \u00e0 un chronogramme consensuel \u00bb.<\/p>\n<p>Cet article <a rel=\"nofollow\" href=\"https:\/\/www.journalducameroun.com\/vers-des-convergences-de-vues-entre-le-mali-et-la-cedeao\/\">Vers des convergences de vues entre le Mali et la Cedeao ?<\/a> est apparu en premier sur <a rel=\"nofollow\" href=\"https:\/\/www.journalducameroun.com\/\">Journal du Cameroun<\/a>.<\/p>\n<\/div>\n<p>Auteur: APA News<br \/>\n<a href=\"https:\/\/www.journalducameroun.com\/vers-des-convergences-de-vues-entre-le-mali-et-la-cedeao\/\">Cliquez ici pour lire l&rsquo;article depuis sa source.<\/a><\/p>\n","protected":false},"excerpt":{"rendered":"<p>Peu apr\u00e8s son arriv\u00e9e jeudi dans la capitale malienne, le m\u00e9diateur de la Cedeao a \u00e9t\u00e9 re\u00e7u en audience, au palais de Koulouba, par le pr\u00e9sident de la Transition, le colonel Assimi Go\u00efta.L&rsquo;objectif de l&rsquo;organisation sous-r\u00e9gionale est de convaincre les militaires au pouvoir d&rsquo;organiser les \u00e9lections le plus rapidement possible. Des informations relay\u00e9es par plusieurs [&hellip;]<\/p>\n","protected":false},"author":1965,"featured_media":0,"comment_status":"closed","ping_status":"closed","sticky":false,"template":"","format":"standard","meta":{"fifu_image_url":"https:\/\/www.journalducameroun.com\/wp-content\/uploads\/2022\/02\/16458022834906.jpg","fifu_image_alt":"Vers des convergences de vues entre le Mali et la Cedeao ?","footnotes":""},"categories":[73,82],"tags":[],"class_list":["post-141768","post","type-post","status-publish","format-standard","hentry","category-actualite","category-cameroun"],"_links":{"self":[{"href":"https:\/\/linitiative.ca\/International\/wp-json\/wp\/v2\/posts\/141768","targetHints":{"allow":["GET"]}}],"collection":[{"href":"https:\/\/linitiative.ca\/International\/wp-json\/wp\/v2\/posts"}],"about":[{"href":"https:\/\/linitiative.ca\/International\/wp-json\/wp\/v2\/types\/post"}],"author":[{"embeddable":true,"href":"https:\/\/linitiative.ca\/International\/wp-json\/wp\/v2\/users\/1965"}],"replies":[{"embeddable":true,"href":"https:\/\/linitiative.ca\/International\/wp-json\/wp\/v2\/comments?post=141768"}],"version-history":[{"count":0,"href":"https:\/\/linitiative.ca\/International\/wp-json\/wp\/v2\/posts\/141768\/revisions"}],"wp:attachment":[{"href":"https:\/\/linitiative.ca\/International\/wp-json\/wp\/v2\/media?parent=141768"}],"wp:term":[{"taxonomy":"category","embeddable":true,"href":"https:\/\/linitiative.ca\/International\/wp-json\/wp\/v2\/categories?post=141768"},{"taxonomy":"post_tag","embeddable":true,"href":"https:\/\/linitiative.ca\/International\/wp-json\/wp\/v2\/tags?post=141768"}],"curies":[{"name":"wp","href":"https:\/\/api.w.org\/{rel}","templated":true}]}}