{"id":141770,"date":"2022-02-25T11:22:28","date_gmt":"2022-02-25T16:22:28","guid":{"rendered":"https:\/\/linitiative.ca\/International\/abinamba-jeanne-darc-miss-eco-international-pour-le-cameroun\/"},"modified":"2022-02-25T11:22:28","modified_gmt":"2022-02-25T16:22:28","slug":"abinamba-jeanne-darc-miss-eco-international-pour-le-cameroun","status":"publish","type":"post","link":"https:\/\/linitiative.ca\/International\/abinamba-jeanne-darc-miss-eco-international-pour-le-cameroun\/","title":{"rendered":"Abinamba Jeanne d\u2019Arc : Miss Eco international pour le Cameroun"},"content":{"rendered":"<div>\n<p><img decoding=\"async\" width=\"640\" height=\"960\" src=\"https:\/\/linitiative.ca\/International\/wp-content\/uploads\/sites\/23\/2022\/02\/Miss-Eco-International-Cameroun.jpeg\" class=\"attachment-post-thumbnail size-post-thumbnail wp-post-image\" alt=\"La beaut\u00e9 au service de la nature\" loading=\"lazy\" srcset=\"https:\/\/linitiative.ca\/International\/wp-content\/uploads\/sites\/23\/2022\/02\/Miss-Eco-International-Cameroun.jpeg 640w, https:\/\/www.journalducameroun.com\/wp-content\/uploads\/2022\/02\/Miss-Eco-International-Cameroun-200x300.jpeg 200w, https:\/\/www.journalducameroun.com\/wp-content\/uploads\/2022\/02\/Miss-Eco-International-Cameroun-293x440.jpeg 293w, https:\/\/www.journalducameroun.com\/wp-content\/uploads\/2022\/02\/Miss-Eco-International-Cameroun-600x900.jpeg 600w\" sizes=\"auto, (max-width: 640px) 100vw, 640px\"><\/p>\n<h2 style=\"text-align: justify;\">A 22 ans, elle vient de se faire couronner miss. Avec pour mission, faire rimer sa beaut\u00e9 \u00e0 l\u2019\u00e9cologie afin de participer \u00e0 la protection de la nature.<\/h2>\n<p style=\"text-align: justify;\">Samedi 19 f\u00e9vrier 2022. Cette date restera certainement \u00e0 jamais grav\u00e9e dans sa m\u00e9moire. C\u2019est ce jour qu<strong>\u2019Abinamba Jeanne d\u2019Arc<\/strong> a vu son r\u00eave devenir r\u00e9alit\u00e9. \u00catre couronn\u00e9e <strong>Miss Eco international<\/strong> 2022 pour le Cameroun.<\/p>\n<p style=\"text-align: justify;\">La native de Bafia a ainsi l\u2019honneur et \u00e0 la fois la lourde t\u00e2che de d\u00e9fendre les couleurs du Cameroun \u00e0 la grande finale pr\u00e9vue pour le 07 mars prochain en Egypte.<\/p>\n<p style=\"text-align: justify;\">Par sa beaut\u00e9 conjugu\u00e9e \u00e0 ses prestations et l\u2019\u00e9loquence de son projet, <strong>Jeanne d\u2019Arc<\/strong> a pris le dessus sur ses 19 concurrentes. Et son charme au-del\u00e0 de son sourire \u00e9clatant et son visage tout aussi reluisant, est le fruit d\u2019un travail men\u00e9 aussi intellectuellement que physiquement.<\/p>\n<figure id=\"attachment_404074\" aria-describedby=\"caption-attachment-404074\" style=\"width: 300px\" class=\"wp-caption alignnone\"><img loading=\"lazy\" decoding=\"async\" class=\"size-medium wp-image-404074\" src=\"https:\/\/linitiative.ca\/International\/wp-content\/uploads\/sites\/23\/2022\/02\/Miss-Eco-300x300-1.jpeg\" alt=\"\" width=\"300\" height=\"300\"><figcaption id=\"caption-attachment-404074\" class=\"wp-caption-text\">Audrey Bieme couronne la toute premi\u00e8re Miss Eco int&rsquo;l au Cameroun<\/figcaption><\/figure>\n<p style=\"text-align: justify;\">Fille ain\u00e9e d\u2019une famille de quatre enfants, c\u2019est tr\u00e8s t\u00f4t qu\u2019elle a d\u00e9velopp\u00e9 un esprit protecteur. Et cette attitude a su lui coller \u00e0 la peau jusqu\u2019aujourd\u2019hui.\u00a0 Ce qui l&rsquo;a motiv\u00e9 \u00e0 \u0153uvrer pour la protection de la nature.<\/p>\n<p style=\"text-align: justify;\"><em>\u00ab L\u2019\u00e9cosyst\u00e8me est r\u00e9ellement menac\u00e9. Mon but est donc en tant que Miss Eco international 2022 pour le Cameroun de changer les choses, \u00bb<\/em> indique <strong>Abinamba Jeanne d\u2019Arc<\/strong>.<\/p>\n<p style=\"text-align: justify;\">Par ailleurs, sa posture d\u2019ain\u00e9e lui a appris et conf\u00e9r\u00e9 le sens du leadership. Une exp\u00e9rience sur laquelle, la demoiselle de 22 ans veut s\u2019appuyer pour conduire la barque de <strong>l\u2019\u00e9cologie<\/strong>.<\/p>\n<p style=\"text-align: justify;\">Place donc au travail. La nouvelle miss est d\u00e9j\u00e0 attendue sur le front de la lutte contre la d\u00e9gradation de la <strong>nature<\/strong>. Avec son \u00e9quipe, elle sensibilise la soci\u00e9t\u00e9 sur la pr\u00e9servation de la <strong>nature<\/strong>.<\/p>\n<p style=\"text-align: justify;\">Un travail que la miss abat en soulignant les actions que l\u2019homme pose, et qui contribuent \u00e0 la polluer. <strong>Abinamba Jeanne d&rsquo;Arc<\/strong> ne vient pas pour stopper mais pour proposer des alternatives. L\u2019objectif pour elle est que tout le monde sorte gagnant ; la nature comme l\u2019Homme.<\/p>\n<p style=\"text-align: justify;\">Pour Miss \u00e9co, pr\u00e9server la nature ne doit pas \u00eatre contraignant. Chacun doit y voir son compte car pense-t-elle c\u2019est pour le bien de la g\u00e9n\u00e9ration actuelle et future. Des hommes sains dans un environnement sain.<\/p>\n<figure id=\"attachment_404075\" aria-describedby=\"caption-attachment-404075\" style=\"width: 298px\" class=\"wp-caption alignnone\"><img loading=\"lazy\" decoding=\"async\" class=\"size-medium wp-image-404075\" src=\"https:\/\/linitiative.ca\/International\/wp-content\/uploads\/sites\/23\/2022\/02\/Jeanne-darc-298x300-1.jpeg\" alt=\"\" width=\"298\" height=\"300\"><figcaption id=\"caption-attachment-404075\" class=\"wp-caption-text\">La beaut\u00e9 au service de la nature<\/figcaption><\/figure>\n<p style=\"text-align: justify;\">Mais son premier d\u00e9fi reste d\u2019aller au Caire porter tr\u00e8s haut et loin les couleurs nationales. Et revenir au 237 avec la couronne de <em><a href=\"https:\/\/www.journalducameroun.com\/cameroun-une-competition-de-beaute-qui-promeut-lecologie\/\">Miss Eco international<\/a><\/em>. Un troph\u00e9e qui pourra lui permettre de facilement r\u00e9aliser ses projets en faveur de <strong>l\u2019\u00e9cologie<\/strong>.<\/p>\n<p>Cet article <a rel=\"nofollow\" href=\"https:\/\/www.journalducameroun.com\/abinamba-jeanne-darc-miss-eco-international-pour-le-cameroun\/\">Abinamba Jeanne d\u2019Arc : Miss Eco international pour le Cameroun<\/a> est apparu en premier sur <a rel=\"nofollow\" href=\"https:\/\/www.journalducameroun.com\/\">Journal du Cameroun<\/a>.<\/p>\n<\/div>\n<p>Auteur: Paul Wandji<br \/>\n<a href=\"https:\/\/www.journalducameroun.com\/abinamba-jeanne-darc-miss-eco-international-pour-le-cameroun\/\">Cliquez ici pour lire l&rsquo;article depuis sa source.<\/a><\/p>\n","protected":false},"excerpt":{"rendered":"<p>A 22 ans, elle vient de se faire couronner miss. Avec pour mission, faire rimer sa beaut\u00e9 \u00e0 l\u2019\u00e9cologie afin de participer \u00e0 la protection de la nature. Samedi 19 f\u00e9vrier 2022. Cette date restera certainement \u00e0 jamais grav\u00e9e dans sa m\u00e9moire. C\u2019est ce jour qu\u2019Abinamba Jeanne d\u2019Arc a vu son r\u00eave devenir r\u00e9alit\u00e9. \u00catre [&hellip;]<\/p>\n","protected":false},"author":1965,"featured_media":0,"comment_status":"closed","ping_status":"closed","sticky":false,"template":"","format":"standard","meta":{"fifu_image_url":"https:\/\/www.journalducameroun.com\/wp-content\/uploads\/2022\/02\/Miss-Eco-International-Cameroun.jpeg","fifu_image_alt":"Abinamba Jeanne d\u2019Arc : Miss Eco international pour le Cameroun","footnotes":""},"categories":[73,82],"tags":[],"class_list":["post-141770","post","type-post","status-publish","format-standard","hentry","category-actualite","category-cameroun"],"_links":{"self":[{"href":"https:\/\/linitiative.ca\/International\/wp-json\/wp\/v2\/posts\/141770","targetHints":{"allow":["GET"]}}],"collection":[{"href":"https:\/\/linitiative.ca\/International\/wp-json\/wp\/v2\/posts"}],"about":[{"href":"https:\/\/linitiative.ca\/International\/wp-json\/wp\/v2\/types\/post"}],"author":[{"embeddable":true,"href":"https:\/\/linitiative.ca\/International\/wp-json\/wp\/v2\/users\/1965"}],"replies":[{"embeddable":true,"href":"https:\/\/linitiative.ca\/International\/wp-json\/wp\/v2\/comments?post=141770"}],"version-history":[{"count":0,"href":"https:\/\/linitiative.ca\/International\/wp-json\/wp\/v2\/posts\/141770\/revisions"}],"wp:attachment":[{"href":"https:\/\/linitiative.ca\/International\/wp-json\/wp\/v2\/media?parent=141770"}],"wp:term":[{"taxonomy":"category","embeddable":true,"href":"https:\/\/linitiative.ca\/International\/wp-json\/wp\/v2\/categories?post=141770"},{"taxonomy":"post_tag","embeddable":true,"href":"https:\/\/linitiative.ca\/International\/wp-json\/wp\/v2\/tags?post=141770"}],"curies":[{"name":"wp","href":"https:\/\/api.w.org\/{rel}","templated":true}]}}