{"id":141774,"date":"2022-02-25T13:18:03","date_gmt":"2022-02-25T18:18:03","guid":{"rendered":"https:\/\/linitiative.ca\/International\/senegal-deces-del-hadj-malick-sy-souris\/"},"modified":"2022-02-25T13:18:03","modified_gmt":"2022-02-25T18:18:03","slug":"senegal-deces-del-hadj-malick-sy-souris","status":"publish","type":"post","link":"https:\/\/linitiative.ca\/International\/senegal-deces-del-hadj-malick-sy-souris\/","title":{"rendered":"S\u00e9n\u00e9gal : d\u00e9c\u00e8s d\u2019El Hadj Malick Sy \u00abSouris\u00bb"},"content":{"rendered":"<div>\n<p>L\u2019ancien pr\u00e9sident de la F\u00e9d\u00e9ration S\u00e9n\u00e9galaise de Football (FSF) est mort ce vendredi \u00e0 Dakar.L\u2019une des plus \u00e9minentes personnalit\u00e9s du sport s\u00e9n\u00e9galais vient de tirer sa r\u00e9v\u00e9rence. El Hadj Malick Sy dit \u00ab Souris \u00bb, vainqueur des Jeux de l\u2019Amiti\u00e9 en 1963 avec l\u2019\u00e9quipe nationale de foot, est le premier buteur du mythique stade Demba Diop de Dakar.<\/p>\n<p>Apr\u00e8s avoir raccroch\u00e9 les crampons, il a \u00e9t\u00e9 un dirigeant \u00e9clair\u00e9 \u00e0 la t\u00eate de la F\u00e9d\u00e9ration S\u00e9n\u00e9galaise de Football (FSF). Il y a vingt ans, sous sa pr\u00e9sidence, les Lions ont jou\u00e9 pour la premi\u00e8re fois de leur histoire une finale de Coupe d\u2019Afrique des nations et se sont qualifi\u00e9s pour la Coupe du monde.<\/p>\n<p>Dans cette s\u00e9lection, quart de finaliste du Mondial asiatique, il y avait entre autres Tony Sylva, Moussa Ndiaye, Salif Diao, Amdy Moustapha Faye et Souleymane Camara form\u00e9s \u00e0 Aldo Gentina, un centre de formation mis sur pied par El Hadj Malick Sy \u00ab Souris \u00bb et li\u00e9 \u00e0 l\u2019AS Monaco (France).<\/p>\n<p>Me Augustin Senghor, qui dirige actuellement l\u2019instance fa\u00eeti\u00e8re du foot s\u00e9n\u00e9galais, a salu\u00e9 la m\u00e9moire d\u2019un homme aux \u00ab valeurs multidimensionnelles \u00bb qui a \u00e9crit \u00ab les plus belles pages \u00bb de ce sport dans son pays.<\/p>\n<p>En effet, le d\u00e9funt fut \u00ab un sportif de renomm\u00e9e et un dirigeant hors pair \u00bb, a rappel\u00e9 Macky Sall. Le pr\u00e9sident de la R\u00e9publique a soulign\u00e9 qu\u2019El Hadj Malick Sy \u00ab Souris \u00bb, ancien ministre, a rendu \u00ab avec patriotisme et fiert\u00e9 un grand service au football s\u00e9n\u00e9galais \u00bb.<\/p>\n<p>Cet article <a rel=\"nofollow\" href=\"https:\/\/www.journalducameroun.com\/senegal-deces-del-hadj-malick-sy-souris\/\">S\u00e9n\u00e9gal : d\u00e9c\u00e8s d\u2019El Hadj Malick Sy \u00abSouris\u00bb<\/a> est apparu en premier sur <a rel=\"nofollow\" href=\"https:\/\/www.journalducameroun.com\/\">Journal du Cameroun<\/a>.<\/p>\n<\/div>\n<p>Auteur: APA News<br \/>\n<a href=\"https:\/\/www.journalducameroun.com\/senegal-deces-del-hadj-malick-sy-souris\/\">Cliquez ici pour lire l&rsquo;article depuis sa source.<\/a><\/p>\n","protected":false},"excerpt":{"rendered":"<p>L\u2019ancien pr\u00e9sident de la F\u00e9d\u00e9ration S\u00e9n\u00e9galaise de Football (FSF) est mort ce vendredi \u00e0 Dakar.L\u2019une des plus \u00e9minentes personnalit\u00e9s du sport s\u00e9n\u00e9galais vient de tirer sa r\u00e9v\u00e9rence. El Hadj Malick Sy dit \u00ab Souris \u00bb, vainqueur des Jeux de l\u2019Amiti\u00e9 en 1963 avec l\u2019\u00e9quipe nationale de foot, est le premier buteur du mythique stade Demba [&hellip;]<\/p>\n","protected":false},"author":1965,"featured_media":0,"comment_status":"closed","ping_status":"closed","sticky":false,"template":"","format":"standard","meta":{"fifu_image_url":"","fifu_image_alt":"","footnotes":""},"categories":[73,82],"tags":[],"class_list":["post-141774","post","type-post","status-publish","format-standard","hentry","category-actualite","category-cameroun"],"_links":{"self":[{"href":"https:\/\/linitiative.ca\/International\/wp-json\/wp\/v2\/posts\/141774","targetHints":{"allow":["GET"]}}],"collection":[{"href":"https:\/\/linitiative.ca\/International\/wp-json\/wp\/v2\/posts"}],"about":[{"href":"https:\/\/linitiative.ca\/International\/wp-json\/wp\/v2\/types\/post"}],"author":[{"embeddable":true,"href":"https:\/\/linitiative.ca\/International\/wp-json\/wp\/v2\/users\/1965"}],"replies":[{"embeddable":true,"href":"https:\/\/linitiative.ca\/International\/wp-json\/wp\/v2\/comments?post=141774"}],"version-history":[{"count":0,"href":"https:\/\/linitiative.ca\/International\/wp-json\/wp\/v2\/posts\/141774\/revisions"}],"wp:attachment":[{"href":"https:\/\/linitiative.ca\/International\/wp-json\/wp\/v2\/media?parent=141774"}],"wp:term":[{"taxonomy":"category","embeddable":true,"href":"https:\/\/linitiative.ca\/International\/wp-json\/wp\/v2\/categories?post=141774"},{"taxonomy":"post_tag","embeddable":true,"href":"https:\/\/linitiative.ca\/International\/wp-json\/wp\/v2\/tags?post=141774"}],"curies":[{"name":"wp","href":"https:\/\/api.w.org\/{rel}","templated":true}]}}