{"id":141775,"date":"2022-02-25T17:18:03","date_gmt":"2022-02-25T22:18:03","guid":{"rendered":"https:\/\/linitiative.ca\/International\/maroc-schema-vaccinal-pas-de-retenues-sur-les-salaires-des-fonctionnaires\/"},"modified":"2022-02-25T17:18:03","modified_gmt":"2022-02-25T22:18:03","slug":"maroc-schema-vaccinal-pas-de-retenues-sur-les-salaires-des-fonctionnaires","status":"publish","type":"post","link":"https:\/\/linitiative.ca\/International\/maroc-schema-vaccinal-pas-de-retenues-sur-les-salaires-des-fonctionnaires\/","title":{"rendered":"Maroc\/Sch\u00e9ma vaccinal: Pas de retenues sur les salaires des fonctionnaires"},"content":{"rendered":"<div>\n<p><img decoding=\"async\" width=\"920\" height=\"490\" src=\"https:\/\/linitiative.ca\/International\/wp-content\/uploads\/sites\/23\/2022\/02\/16458274838607.jpg\" class=\"attachment-post-thumbnail size-post-thumbnail wp-post-image\" alt=\"\" loading=\"lazy\" srcset=\"https:\/\/linitiative.ca\/International\/wp-content\/uploads\/sites\/23\/2022\/02\/16458274838607.jpg 920w, https:\/\/www.journalducameroun.com\/wp-content\/uploads\/2022\/02\/16458274838607-300x160.jpg 300w, https:\/\/www.journalducameroun.com\/wp-content\/uploads\/2022\/02\/16458274838607-768x409.jpg 768w, https:\/\/www.journalducameroun.com\/wp-content\/uploads\/2022\/02\/16458274838607-826x440.jpg 826w, https:\/\/www.journalducameroun.com\/wp-content\/uploads\/2022\/02\/16458274838607-600x320.jpg 600w\" sizes=\"auto, (max-width: 920px) 100vw, 920px\"><\/p>\n<p>Le gouvernement marocain a d\u00e9cid\u00e9, vendredi, de ne pas mettre en application la proc\u00e9dure de retenue sur les salaires des fonctionnaires et employ\u00e9s des \u00e9tablissements publics qui n&rsquo;ont pas encore achev\u00e9 leur sch\u00e9ma vaccinal.Cette d\u00e9cision a \u00e9t\u00e9 prise \u00e0 la lumi\u00e8re de l&rsquo;engagement positif des fonctionnaires et employ\u00e9s des \u00e9tablissements publics envers les proc\u00e9dures et mesures prises pour pr\u00e9server les acquis r\u00e9alis\u00e9s par le Royaume face \u00e0 la pand\u00e9mie, \u00e0 travers l&rsquo;acc\u00e9l\u00e9ration du parach\u00e8vement de leur sch\u00e9ma vaccinal, indique le minist\u00e8re dans un communiqu\u00e9.<\/p>\n<p>Elle intervient \u00e9galement, ajoute la m\u00eame source, sur la base des directives du chef du gouvernement concernant l&rsquo;interaction positive avec la demande des centrales syndicales les plus repr\u00e9sentatives, pr\u00f4nant la flexibilit\u00e9 et l&rsquo;approche de sensibilisation en mati\u00e8re de suivi de l&rsquo;engagement des fonctionnaires \u00e0 respecter les proc\u00e9dures et mesures prises dans divers \u00e9tablissements publics.<\/p>\n<p>Cette d\u00e9cision \u00e9mane \u00e9galement du souci du gouvernement de cr\u00e9er un climat propice au dialogue social avec les partenaires sociaux, pr\u00e9cise le communiqu\u00e9.<\/p>\n<p>Apr\u00e8s avoir soulign\u00e9 l&rsquo;importance de l&rsquo;implication des administrations publiques dans la poursuite de l&rsquo;adoption des mesures pr\u00e9ventives, afin d&rsquo;assurer la s\u00e9curit\u00e9 des employ\u00e9s, le minist\u00e8re a appel\u00e9 l&rsquo;ensemble des fonctionnaires et employ\u00e9s des \u00e9tablissements publics \u00e0 respecter les directives \u00e9mises par les autorit\u00e9s publiques \u00e0 l&rsquo;effet de limiter la propagation de l&rsquo;\u00e9pid\u00e9mie au Maroc et partant, aboutir \u00e0 l&rsquo;immunit\u00e9 collective.<\/p>\n<p>Cet article <a rel=\"nofollow\" href=\"https:\/\/www.journalducameroun.com\/maroc-schema-vaccinal-pas-de-retenues-sur-les-salaires-des-fonctionnaires\/\">Maroc\/Sch\u00e9ma vaccinal: Pas de retenues sur les salaires des fonctionnaires<\/a> est apparu en premier sur <a rel=\"nofollow\" href=\"https:\/\/www.journalducameroun.com\/\">Journal du Cameroun<\/a>.<\/p>\n<\/div>\n<p>Auteur: APA News<br \/>\n<a href=\"https:\/\/www.journalducameroun.com\/maroc-schema-vaccinal-pas-de-retenues-sur-les-salaires-des-fonctionnaires\/\">Cliquez ici pour lire l&rsquo;article depuis sa source.<\/a><\/p>\n","protected":false},"excerpt":{"rendered":"<p>Le gouvernement marocain a d\u00e9cid\u00e9, vendredi, de ne pas mettre en application la proc\u00e9dure de retenue sur les salaires des fonctionnaires et employ\u00e9s des \u00e9tablissements publics qui n&rsquo;ont pas encore achev\u00e9 leur sch\u00e9ma vaccinal.Cette d\u00e9cision a \u00e9t\u00e9 prise \u00e0 la lumi\u00e8re de l&rsquo;engagement positif des fonctionnaires et employ\u00e9s des \u00e9tablissements publics envers les proc\u00e9dures et [&hellip;]<\/p>\n","protected":false},"author":1965,"featured_media":0,"comment_status":"closed","ping_status":"closed","sticky":false,"template":"","format":"standard","meta":{"fifu_image_url":"https:\/\/www.journalducameroun.com\/wp-content\/uploads\/2022\/02\/16458274838607.jpg","fifu_image_alt":"Maroc\/Sch\u00e9ma vaccinal: Pas de retenues sur les salaires des fonctionnaires","footnotes":""},"categories":[73,82],"tags":[],"class_list":["post-141775","post","type-post","status-publish","format-standard","hentry","category-actualite","category-cameroun"],"_links":{"self":[{"href":"https:\/\/linitiative.ca\/International\/wp-json\/wp\/v2\/posts\/141775","targetHints":{"allow":["GET"]}}],"collection":[{"href":"https:\/\/linitiative.ca\/International\/wp-json\/wp\/v2\/posts"}],"about":[{"href":"https:\/\/linitiative.ca\/International\/wp-json\/wp\/v2\/types\/post"}],"author":[{"embeddable":true,"href":"https:\/\/linitiative.ca\/International\/wp-json\/wp\/v2\/users\/1965"}],"replies":[{"embeddable":true,"href":"https:\/\/linitiative.ca\/International\/wp-json\/wp\/v2\/comments?post=141775"}],"version-history":[{"count":0,"href":"https:\/\/linitiative.ca\/International\/wp-json\/wp\/v2\/posts\/141775\/revisions"}],"wp:attachment":[{"href":"https:\/\/linitiative.ca\/International\/wp-json\/wp\/v2\/media?parent=141775"}],"wp:term":[{"taxonomy":"category","embeddable":true,"href":"https:\/\/linitiative.ca\/International\/wp-json\/wp\/v2\/categories?post=141775"},{"taxonomy":"post_tag","embeddable":true,"href":"https:\/\/linitiative.ca\/International\/wp-json\/wp\/v2\/tags?post=141775"}],"curies":[{"name":"wp","href":"https:\/\/api.w.org\/{rel}","templated":true}]}}