{"id":141777,"date":"2022-02-25T17:18:03","date_gmt":"2022-02-25T22:18:03","guid":{"rendered":"https:\/\/linitiative.ca\/International\/maroc-dialogue-social-des-mesures-de-soutien-direct-aux-secteurs-productifs-en-perspective\/"},"modified":"2022-02-25T17:18:03","modified_gmt":"2022-02-25T22:18:03","slug":"maroc-dialogue-social-des-mesures-de-soutien-direct-aux-secteurs-productifs-en-perspective","status":"publish","type":"post","link":"https:\/\/linitiative.ca\/International\/maroc-dialogue-social-des-mesures-de-soutien-direct-aux-secteurs-productifs-en-perspective\/","title":{"rendered":"Maroc\/dialogue social: des mesures de soutien direct aux secteurs productifs en perspective"},"content":{"rendered":"<div>\n<p><img decoding=\"async\" width=\"275\" height=\"183\" src=\"https:\/\/linitiative.ca\/International\/wp-content\/uploads\/sites\/23\/2022\/02\/16458274831142.jpg\" class=\"attachment-post-thumbnail size-post-thumbnail wp-post-image\" alt=\"\" loading=\"lazy\"><\/p>\n<p>Le gouvernement marocain et les principales centrales syndicales qui prennent part au dialogue social ont finalement trouv\u00e9 un terrain d&rsquo;entente sur plusieurs revendications syndicales.R\u00e9uni ce vendredi avec les syndicats, le gouvernement a annonc\u00e9 que des mesures seront bient\u00f4t prises pour pr\u00e9server le pouvoir d&rsquo;achat, \u00e0 travers notamment des subventions directes \u00e0 plusieurs secteurs sociaux productifs et aux produits de consommation, selon un communiqu\u00e9 du d\u00e9partement du chef du gouvernement.<\/p>\n<p>Globalement, les deux parties ont convenu d&rsquo;institutionnaliser la m\u00e9thodologie du dialogue. Dans ce sens, un comit\u00e9 consultatif pr\u00e9sid\u00e9 par le chef du gouvernement sera mis en place. Pr\u00e9sid\u00e9e par le chef du gouvernement et compos\u00e9e des secr\u00e9taires g\u00e9n\u00e9raux des syndicats les plus repr\u00e9sentatifs, la CGEM et les ministres concern\u00e9s, aura pour mission d&rsquo;examiner les travaux des commissions sp\u00e9ciales, et de trois autres commissions qui seront cr\u00e9\u00e9es. \u00a0<\/p>\n<p>Le gouvernement et les syndicats ne se sont pas engag\u00e9s sur un calendrier pr\u00e9cis, mais ont convenu de la n\u00e9cessit\u00e9 de parvenir \u00e0 des accords clairs dans des d\u00e9lais raisonnables.<\/p>\n<p>Cet article <a rel=\"nofollow\" href=\"https:\/\/www.journalducameroun.com\/maroc-dialogue-social-des-mesures-de-soutien-direct-aux-secteurs-productifs-en-perspective\/\">Maroc\/dialogue social: des mesures de soutien direct aux secteurs productifs en perspective<\/a> est apparu en premier sur <a rel=\"nofollow\" href=\"https:\/\/www.journalducameroun.com\/\">Journal du Cameroun<\/a>.<\/p>\n<\/div>\n<p>Auteur: APA News<br \/>\n<a href=\"https:\/\/www.journalducameroun.com\/maroc-dialogue-social-des-mesures-de-soutien-direct-aux-secteurs-productifs-en-perspective\/\">Cliquez ici pour lire l&rsquo;article depuis sa source.<\/a><\/p>\n","protected":false},"excerpt":{"rendered":"<p>Le gouvernement marocain et les principales centrales syndicales qui prennent part au dialogue social ont finalement trouv\u00e9 un terrain d&rsquo;entente sur plusieurs revendications syndicales.R\u00e9uni ce vendredi avec les syndicats, le gouvernement a annonc\u00e9 que des mesures seront bient\u00f4t prises pour pr\u00e9server le pouvoir d&rsquo;achat, \u00e0 travers notamment des subventions directes \u00e0 plusieurs secteurs sociaux productifs [&hellip;]<\/p>\n","protected":false},"author":1965,"featured_media":0,"comment_status":"closed","ping_status":"closed","sticky":false,"template":"","format":"standard","meta":{"fifu_image_url":"https:\/\/www.journalducameroun.com\/wp-content\/uploads\/2022\/02\/16458274831142.jpg","fifu_image_alt":"Maroc\/dialogue social: des mesures de soutien direct aux secteurs productifs en perspective","footnotes":""},"categories":[73,82],"tags":[],"class_list":["post-141777","post","type-post","status-publish","format-standard","hentry","category-actualite","category-cameroun"],"_links":{"self":[{"href":"https:\/\/linitiative.ca\/International\/wp-json\/wp\/v2\/posts\/141777","targetHints":{"allow":["GET"]}}],"collection":[{"href":"https:\/\/linitiative.ca\/International\/wp-json\/wp\/v2\/posts"}],"about":[{"href":"https:\/\/linitiative.ca\/International\/wp-json\/wp\/v2\/types\/post"}],"author":[{"embeddable":true,"href":"https:\/\/linitiative.ca\/International\/wp-json\/wp\/v2\/users\/1965"}],"replies":[{"embeddable":true,"href":"https:\/\/linitiative.ca\/International\/wp-json\/wp\/v2\/comments?post=141777"}],"version-history":[{"count":0,"href":"https:\/\/linitiative.ca\/International\/wp-json\/wp\/v2\/posts\/141777\/revisions"}],"wp:attachment":[{"href":"https:\/\/linitiative.ca\/International\/wp-json\/wp\/v2\/media?parent=141777"}],"wp:term":[{"taxonomy":"category","embeddable":true,"href":"https:\/\/linitiative.ca\/International\/wp-json\/wp\/v2\/categories?post=141777"},{"taxonomy":"post_tag","embeddable":true,"href":"https:\/\/linitiative.ca\/International\/wp-json\/wp\/v2\/tags?post=141777"}],"curies":[{"name":"wp","href":"https:\/\/api.w.org\/{rel}","templated":true}]}}