{"id":141779,"date":"2022-02-25T08:24:02","date_gmt":"2022-02-25T13:24:02","guid":{"rendered":"https:\/\/linitiative.ca\/International\/relance-post-covid-19-comment-les-entreprises-ont-ete-privees-dune-ligne-de-credit-de-200-milliards\/"},"modified":"2022-02-25T08:24:02","modified_gmt":"2022-02-25T13:24:02","slug":"relance-post-covid-19-comment-les-entreprises-ont-ete-privees-dune-ligne-de-credit-de-200-milliards","status":"publish","type":"post","link":"https:\/\/linitiative.ca\/International\/relance-post-covid-19-comment-les-entreprises-ont-ete-privees-dune-ligne-de-credit-de-200-milliards\/","title":{"rendered":"Relance post Covid-19 : comment les entreprises ont \u00e9t\u00e9 priv\u00e9es d\u2019une ligne de cr\u00e9dit de 200 milliards"},"content":{"rendered":"<div>\n<p>C\u2019\u00e9tait pourtant l\u2019une des mesures gouvernementales phare de soutien aux entreprises locales frapp\u00e9es de plein fouet par les effets de la pand\u00e9mie du coronavirus.\u00a0 Le 22 juillet 2021, au Hilton h\u00f4tel de Yaound\u00e9, le Ministre des Finances Louis Paul Motaze signait avec l\u2019Association Professionnelle des \u00e9tablissements de cr\u00e9dits du Cameroun(Apeccam) et l\u2019Association des Etablissements de microfinance du Cameroun (Anencam) une convention de garantie d\u2019un montant de 200 milliards de FCFA pour les pr\u00eats bancaires int\u00e9rieurs au profit des entreprises publiques et priv\u00e9es impact\u00e9s par le Coronavirus. Cette garantie, contenue dans la loi de finances 2021(Article 54) contenait au moins deux nouveaut\u00e9s. La premi\u00e8re sur le fait que les entreprises priv\u00e9es \u00e9taient elles aussi concern\u00e9es. Jusqu\u2019ici, les seuls b\u00e9n\u00e9ficiaires de l\u2019aval et garanties de l\u2019Etat aupr\u00e8s des banques \u00e9taient les entreprises et \u00e9tablissements relevant de son portefeuille.\u00a0 La seconde, c\u2019est le montant. 200 milliards contre 40 milliards un an auparavant, r\u00e9partis en 70% pour les acteurs priv\u00e9s et 30% pour les publics. Une nouvelle bien accueillie par les entreprises qui voyaient en cette ligne un moyen de pouvoir acc\u00e9der \u00e0 la liquidit\u00e9 \u00e0 des taux d\u2019int\u00e9r\u00eats comp\u00e9titifs pour relancer leurs activit\u00e9s. Le privil\u00e8ge devait \u00eatre accord\u00e9 aux PME, maillon essentiel du tissu \u00e9conomique mais tr\u00e8s souvent marginalis\u00e9 dans l\u2019octroi de cr\u00e9dit par les banques.<\/p>\n<p><strong>Lire aussi : <a href=\"https:\/\/ecomatin.net\/relance-post-covid-19-le-pnud-lance-rapid-financing-facility-pour-accompagner-les-pme\/\">Relance post covid-19 : le Pnud lance \u00ab Rapid Financing Facility \u00bb pour accompagner les PME<\/a><\/strong><\/p>\n<p>\u00ab\u00a0Je voudrais enfin attirer l\u2019attention de nos partenaires des secteurs bancaires et de la microfinance, sur le r\u00f4le qui est le leur pour assurer un franc succ\u00e8s \u00e0 ce m\u00e9canisme de garantie mis en place ce jour. Le gouvernement quant \u00e0 lui, mettra tout en \u0153uvre pour la mise effective des actions de son ressort\u00a0\u00bb avait alors rassur\u00e9 Louis Paul Motaze. \u00a0<\/p>\n<p>Mais seulement, 6 mois apr\u00e8s la signature de la convention de garantie, pas une seule entreprise n\u2019a b\u00e9n\u00e9fici\u00e9 de cette ligne. Selon les donn\u00e9es du march\u00e9 bancaire consult\u00e9es par EcoMatin, l\u2019Etat n\u2019a pas accord\u00e9 de garantie aupr\u00e8s des banques au cours de l\u2019ann\u00e9e 2021.<\/p>\n<p><strong>Ce qui coince<\/strong><\/p>\n<p>Pour en b\u00e9n\u00e9ficier de ces conditions pr\u00e9f\u00e9rentielles de cr\u00e9dit, les entreprises concern\u00e9es devaient soumettre une demande de garantie aupr\u00e8s de leurs banques respectives, laquelle devait \u00eatre transmise apr\u00e8s v\u00e9rification de conformit\u00e9 au Comit\u00e9 National de la Dette Publique(Cndp), puis au minist\u00e8re des Finances qui donne son avis avant transfert \u00e0 la banque pour le d\u00e9blocage des fonds. Mais seulement, avant d\u2019y arriver, la loi de finances a pr\u00e9vu que des modalit\u00e9s d\u2019application de cette disposition devaient \u00eatre pr\u00e9cis\u00e9es dans un texte particulier du Minfi. C\u2019est donc l\u00e0 le blocage\u00a0; car les banques disent attendre encore ledit texte pour pouvoir enclencher le processus. \u00ab\u00a0Au lendemain de la convention le dossier n\u2019a plus avanc\u00e9 \u00e0 notre niveau\u00a0; et pour dire vrai nous n\u2019avons pas cherch\u00e9 \u00e0 en savoir plus\u00a0\u00bb explique un responsable dans une banque de la place. Un autre \u00e9tablissement de cr\u00e9dit confirme avoir re\u00e7u plusieurs sollicitations de sa client\u00e8le pour pouvoir b\u00e9n\u00e9ficier de cette ligne. \u00ab\u00a0Le processus n\u2019est pas encore op\u00e9rationnel\u00a0; nous avons re\u00e7u plusieurs demandes de nos clients\u00a0; mais tout cela est en cours de traitement. Je ne peux rien dire de plus\u00a0\u00bb confie une autre banque.<\/p>\n<p><strong>Lire aussi : <a href=\"https:\/\/ecomatin.net\/marche-des-capitaux-le-cameroun-a-rembourse-963-milliards-s-sur-sa-dette-en-2021\/\">March\u00e9 des capitaux\u00a0: le Cameroun a rembours\u00e9 963 milliards sur sa dette en 2021<\/a><\/strong><\/p>\n<p>Au minist\u00e8re des Finances, on reconna\u00eet que le processus a pris du retard m\u00eame si la faute ne semble pas venir d\u2019ici. \u00ab\u00a0Le texte est pr\u00eat\u00a0; il a cependant \u00e9t\u00e9 soumis au visa pr\u00e9alable du Premier Ministre ; et y est encore\u00a0\u00bb, a r\u00e9agi un cadre au Minfi. Au premier minist\u00e8re, on n\u2019aura pas plus d\u2019informations sur les raisons du blocage de ce dossier. Omerta \u00e9galement sur la suite qui y est r\u00e9serv\u00e9e car, faut-il le rappeler, pour l\u2019exercice 2022, un montant similaire a \u00e9t\u00e9 pr\u00e9vu par la loi de finances et dans les m\u00eames conditions. Si rien n\u2019est fait, c\u2019est 400 milliards de FCFA dont seront sevr\u00e9s de mani\u00e8re inexpliqu\u00e9e les acteurs du secteur productif.\u00a0<\/p>\n<p><strong>Lire aussi : <a href=\"https:\/\/ecomatin.net\/marche-des-capitaux-comment-le-cameroun-compte-mobiliser-des-s-financements-en-2022\/\">March\u00e9\u00a0des\u00a0capitaux\u00a0: comment le Cameroun compte mobiliser des financements en 2022\u00a0\u00a0<\/a><\/strong><\/p>\n<p>Lourdeurs administratives, vice de forme\/fonds, guerre de personnes\u2026 quoi qu\u2019il en soit, ce blocage porte un s\u00e9rieux coup au secteur productif, les PME en particulier qui continue de p\u00e2tir des effets de la pand\u00e9mie mondiale du coronavirus. Selon les donn\u00e9e une note du\u00a0minist\u00e8re des Petites et Moyennes Entreprises, de l\u2019\u00c9conomie Sociale et de l\u2019Artisanat (Minpmeesa), le chiffre d\u2019affaires des Pme, pour la grande majorit\u00e9 issue du secteur tertiaire (couture, commerce, prestations de services), a baiss\u00e9 de 79,30%\u00a0A c\u00f4t\u00e9 de cela, les Pme ont d\u00fb s\u2019imposer quelques mesures d\u2019aust\u00e9rit\u00e9 pour tenter de survivre aux effets n\u00e9fastes de la pand\u00e9mie. \u00ab En ce qui concerne les effectifs salari\u00e9s, pr\u00e8s de 50 % des Pme enqu\u00eat\u00e9es ont d\u00e9clar\u00e9 avoir revu leurs personnels salari\u00e9s \u00e0 la baisse en raison de la pand\u00e9mie. Environ 37 % ont d\u00e9crit une situation de maintien des salari\u00e9s, et 4,5 % ont d\u00e9clar\u00e9 avoir recrut\u00e9 de nouveaux personnels. Ces nouveaux emplois cr\u00e9ent se trouvent principalement dans le domaine du commerce \u00bb, renseigne la note.<\/p>\n<p><strong>Lire aussi : <a href=\"https:\/\/ecomatin.net\/relance-post-covid-19-2-milliards-pour-les-pme-qui-le-souhaitent\/\">Relance post Covid-19 : 2 milliards pour les PME qui le souhaitent<\/a><\/strong><\/p>\n<p>L\u2019article <a rel=\"nofollow\" href=\"https:\/\/ecomatin.net\/relance-post-covid-19-comment-les-entreprises-ont-ete-privees-dune-ligne-de-credit-de-200-milliards\/\">Relance post Covid-19 : comment les entreprises ont \u00e9t\u00e9 priv\u00e9es d\u2019une ligne de cr\u00e9dit de 200 milliards<\/a> est apparu en premier sur <a rel=\"nofollow\" href=\"https:\/\/ecomatin.net\/\">EcoMatin<\/a>.<\/p>\n<\/div>\n<p>Auteur: Cedrick JIONGO<br \/>\n<a href=\"https:\/\/ecomatin.net\/relance-post-covid-19-comment-les-entreprises-ont-ete-privees-dune-ligne-de-credit-de-200-milliards\/\">Cliquez ici pour lire l&rsquo;article depuis sa source.<\/a><\/p>\n","protected":false},"excerpt":{"rendered":"<p>C\u2019\u00e9tait pourtant l\u2019une des mesures gouvernementales phare de soutien aux entreprises locales frapp\u00e9es de plein fouet par les effets de la pand\u00e9mie du coronavirus.\u00a0 Le 22 juillet 2021, au Hilton h\u00f4tel de Yaound\u00e9, le Ministre des Finances Louis Paul Motaze signait avec l\u2019Association Professionnelle des \u00e9tablissements de cr\u00e9dits du Cameroun(Apeccam) et l\u2019Association des Etablissements de [&hellip;]<\/p>\n","protected":false},"author":1969,"featured_media":0,"comment_status":"closed","ping_status":"closed","sticky":false,"template":"","format":"standard","meta":{"fifu_image_url":"","fifu_image_alt":"","footnotes":""},"categories":[82,78],"tags":[],"class_list":["post-141779","post","type-post","status-publish","format-standard","hentry","category-cameroun","category-economie"],"_links":{"self":[{"href":"https:\/\/linitiative.ca\/International\/wp-json\/wp\/v2\/posts\/141779","targetHints":{"allow":["GET"]}}],"collection":[{"href":"https:\/\/linitiative.ca\/International\/wp-json\/wp\/v2\/posts"}],"about":[{"href":"https:\/\/linitiative.ca\/International\/wp-json\/wp\/v2\/types\/post"}],"author":[{"embeddable":true,"href":"https:\/\/linitiative.ca\/International\/wp-json\/wp\/v2\/users\/1969"}],"replies":[{"embeddable":true,"href":"https:\/\/linitiative.ca\/International\/wp-json\/wp\/v2\/comments?post=141779"}],"version-history":[{"count":0,"href":"https:\/\/linitiative.ca\/International\/wp-json\/wp\/v2\/posts\/141779\/revisions"}],"wp:attachment":[{"href":"https:\/\/linitiative.ca\/International\/wp-json\/wp\/v2\/media?parent=141779"}],"wp:term":[{"taxonomy":"category","embeddable":true,"href":"https:\/\/linitiative.ca\/International\/wp-json\/wp\/v2\/categories?post=141779"},{"taxonomy":"post_tag","embeddable":true,"href":"https:\/\/linitiative.ca\/International\/wp-json\/wp\/v2\/tags?post=141779"}],"curies":[{"name":"wp","href":"https:\/\/api.w.org\/{rel}","templated":true}]}}