{"id":14178,"date":"2019-02-14T08:06:31","date_gmt":"2019-02-14T13:06:31","guid":{"rendered":"https:\/\/linitiative.ca\/International\/missour-enquete-a-lencontre-dun-individu-soupconne-de-sequestrer-sa-fille-mineure\/"},"modified":"2019-02-14T08:06:31","modified_gmt":"2019-02-14T13:06:31","slug":"missour-enquete-a-lencontre-dun-individu-soupconne-de-sequestrer-sa-fille-mineure","status":"publish","type":"post","link":"https:\/\/linitiative.ca\/International\/missour-enquete-a-lencontre-dun-individu-soupconne-de-sequestrer-sa-fille-mineure\/","title":{"rendered":"Missour : Enqu\u00eate \u00e0 l\u2019encontre d\u2019un individu soup\u00e7onn\u00e9 de s\u00e9questrer sa fille mineure"},"content":{"rendered":"<header>\n<\/header>\n<div class=\"entry-content clearfix\" readability=\"50\"><img decoding=\"async\" class=\"post_layout_5_img\" src=\"http:\/\/aujourdhui.ma\/wp-content\/uploads\/2016\/07\/Police-DGSN.jpg?x29840\" alt=\"Missour : Enqu\u00eate \u00e0 l\u2019encontre d\u2019un individu soup\u00e7onn\u00e9 de s\u00e9questrer sa fille mineure\"\/><\/p>\n<p class=\"p1\"><span class=\"c4\"><strong><span class=\"s1\">La brigade de la police judiciaire relevant du commissariat de police de Missour a ouvert, mardi, une enqu\u00eate \u00e0 l\u2019encontre d\u2019un individu soup\u00e7onn\u00e9 de s\u00e9questrer sa fille mineure \u00e2g\u00e9e de 15 ans, indique la Direction g\u00e9n\u00e9rale de la s\u00fbret\u00e9 nationale (DGSN).<\/span><\/strong><\/span><span id=\"more-305551\"\/><\/p>\n<p class=\"p1\"><span class=\"s1\">Les services de la s\u00fbret\u00e9 nationale de Missour avaient re\u00e7u des informations selon lesquelles une fille serait dans une situation difficile au sein d\u2019un domicile dans un quartier r\u00e9sidentiel, ce qui a n\u00e9cessit\u00e9 de notifier le parquet comp\u00e9tent et d\u2019acc\u00e9der \u00e0 la maison en question, pr\u00e9cise la DGSN dans un communiqu\u00e9, notant que la fille mineure a \u00e9t\u00e9 retrouv\u00e9e s\u00e9questr\u00e9e et ligot\u00e9e \u00e0 l\u2019aide de cha\u00eenes m\u00e9talliques. Les enqu\u00eates et investigations ont r\u00e9v\u00e9l\u00e9 que le p\u00e8re de la fille a commis ces actes criminels apr\u00e8s que la fille a quitt\u00e9 le domicile familial et fait l\u2019objet d\u2019un avis de recherche au profit de la famille.<\/span><\/p>\n<p class=\"p1\"><span class=\"s1\">Le mis en cause a \u00e9t\u00e9 plac\u00e9 en garde \u00e0 vue \u00e0 la disposition de l\u2019enqu\u00eate men\u00e9e sous la supervision du parquet comp\u00e9tent afin de d\u00e9terminer les tenants et les aboutissants de cette affaire, conclut le communiqu\u00e9.<\/span><\/p>\n<\/div>\n<p>Auteur: ALM<br \/>\n<a href=\"http:\/\/aujourdhui.ma\/faits-divers\/missour-enquete-a-lencontre-dun-individu-soupconne-de-sequestrer-sa-fille-mineure\">Cliquez ici pour lire l&rsquo;article depuis sa source.<\/a><\/p>\n","protected":false},"excerpt":{"rendered":"<p>La brigade de la police judiciaire relevant du commissariat de police de Missour a ouvert, mardi, une enqu\u00eate \u00e0 l\u2019encontre d\u2019un individu soup\u00e7onn\u00e9 de s\u00e9questrer sa fille mineure \u00e2g\u00e9e de 15 ans, indique la Direction g\u00e9n\u00e9rale de la s\u00fbret\u00e9 nationale (DGSN). Les services de la s\u00fbret\u00e9 nationale de Missour avaient re\u00e7u des informations selon lesquelles [&hellip;]<\/p>\n","protected":false},"author":1759,"featured_media":0,"comment_status":"closed","ping_status":"closed","sticky":false,"template":"","format":"standard","meta":{"fifu_image_url":"","fifu_image_alt":"","footnotes":""},"categories":[73,54],"tags":[],"class_list":["post-14178","post","type-post","status-publish","format-standard","hentry","category-actualite","category-maroc"],"_links":{"self":[{"href":"https:\/\/linitiative.ca\/International\/wp-json\/wp\/v2\/posts\/14178","targetHints":{"allow":["GET"]}}],"collection":[{"href":"https:\/\/linitiative.ca\/International\/wp-json\/wp\/v2\/posts"}],"about":[{"href":"https:\/\/linitiative.ca\/International\/wp-json\/wp\/v2\/types\/post"}],"author":[{"embeddable":true,"href":"https:\/\/linitiative.ca\/International\/wp-json\/wp\/v2\/users\/1759"}],"replies":[{"embeddable":true,"href":"https:\/\/linitiative.ca\/International\/wp-json\/wp\/v2\/comments?post=14178"}],"version-history":[{"count":0,"href":"https:\/\/linitiative.ca\/International\/wp-json\/wp\/v2\/posts\/14178\/revisions"}],"wp:attachment":[{"href":"https:\/\/linitiative.ca\/International\/wp-json\/wp\/v2\/media?parent=14178"}],"wp:term":[{"taxonomy":"category","embeddable":true,"href":"https:\/\/linitiative.ca\/International\/wp-json\/wp\/v2\/categories?post=14178"},{"taxonomy":"post_tag","embeddable":true,"href":"https:\/\/linitiative.ca\/International\/wp-json\/wp\/v2\/tags?post=14178"}],"curies":[{"name":"wp","href":"https:\/\/api.w.org\/{rel}","templated":true}]}}