{"id":141781,"date":"2022-02-25T13:07:33","date_gmt":"2022-02-25T18:07:33","guid":{"rendered":"https:\/\/linitiative.ca\/International\/le-gouvernement-rassure-il-ny-aura-pas-de-ponctions-sur-les-salaires-pour-les-fonctionnaires-non-encore-totalement-vaccines\/"},"modified":"2022-02-25T13:07:33","modified_gmt":"2022-02-25T18:07:33","slug":"le-gouvernement-rassure-il-ny-aura-pas-de-ponctions-sur-les-salaires-pour-les-fonctionnaires-non-encore-totalement-vaccines","status":"publish","type":"post","link":"https:\/\/linitiative.ca\/International\/le-gouvernement-rassure-il-ny-aura-pas-de-ponctions-sur-les-salaires-pour-les-fonctionnaires-non-encore-totalement-vaccines\/","title":{"rendered":"Le gouvernement rassure: Il n\u2019y aura pas de ponctions sur les salaires pour les fonctionnaires non encore totalement vaccin\u00e9s"},"content":{"rendered":"<div>\n<p><img loading=\"lazy\" decoding=\"async\" width=\"300\" height=\"153\" src=\"https:\/\/linitiative.ca\/International\/wp-content\/uploads\/sites\/23\/2022\/02\/Vaccin-Covid19-coronavirus-300x153-2.jpg\" class=\"attachment-medium size-medium wp-post-image\" alt=\"\" srcset=\"https:\/\/linitiative.ca\/International\/wp-content\/uploads\/sites\/23\/2022\/02\/Vaccin-Covid19-coronavirus-300x153-2.jpg 300w, https:\/\/aujourdhui.ma\/wp-content\/uploads\/2021\/08\/Vaccin-Covid19-coronavirus-274x140.jpg 274w, https:\/\/aujourdhui.ma\/wp-content\/uploads\/2021\/08\/Vaccin-Covid19-coronavirus.jpg 746w, https:\/\/aujourdhui.ma\/wp-content\/uploads\/2021\/08\/Vaccin-Covid19-coronavirus-165x84.jpg 165w, https:\/\/aujourdhui.ma\/wp-content\/uploads\/2021\/08\/Vaccin-Covid19-coronavirus-702x358.jpg 702w\" sizes=\"auto, (max-width: 300px) 100vw, 300px\"><\/p>\n<p><span style=\"color: #800000;\"><strong>Le minist\u00e8re de la Transition num\u00e9rique et de la R\u00e9forme de l\u2019administration a assur\u00e9, vendredi, qu\u2019il a \u00e9t\u00e9 d\u00e9cid\u00e9 de ne pas mettre en application la proc\u00e9dure de retenue sur les salaires des fonctionnaires et employ\u00e9s des \u00e9tablissements publics qui n\u2019ont pas encore achev\u00e9 leur sch\u00e9ma vaccinal.<\/strong><\/span><span id=\"more-400929\"><\/span><\/p>\n<p>Cette d\u00e9cision a \u00e9t\u00e9 prise \u00e0 la lumi\u00e8re de l\u2019engagement positif des fonctionnaires et employ\u00e9s des \u00e9tablissements publics envers les proc\u00e9dures et mesures prises pour pr\u00e9server les acquis r\u00e9alis\u00e9s par le Royaume face \u00e0 la pand\u00e9mie, \u00e0 travers l\u2019acc\u00e9l\u00e9ration du parach\u00e8vement de leur sch\u00e9ma vaccinal, indique le minist\u00e8re dans un communiqu\u00e9. Elle intervient \u00e9galement, ajoute la m\u00eame source, sur la base des directives du chef du gouvernement concernant l\u2019interaction positive avec la demande des centrales syndicales les plus repr\u00e9sentatives, pr\u00f4nant la flexibilit\u00e9 et l\u2019approche de sensibilisation en mati\u00e8re de suivi de l\u2019engagement des fonctionnaires \u00e0 respecter les proc\u00e9dures et mesures prises dans divers \u00e9tablissements publics.<\/p>\n<p>Cette d\u00e9cision \u00e9mane \u00e9galement du souci du gouvernement de cr\u00e9er un climat propice au dialogue social avec les partenaires sociaux, pr\u00e9cise le communiqu\u00e9.<\/p>\n<p>Apr\u00e8s avoir soulign\u00e9 l\u2019importance de l\u2019implication des administrations publiques dans la poursuite de l\u2019adoption des mesures pr\u00e9ventives, afin d\u2019assurer la s\u00e9curit\u00e9 des employ\u00e9s, le minist\u00e8re a appel\u00e9 l\u2019ensemble des fonctionnaires et employ\u00e9s des \u00e9tablissements publics \u00e0 respecter les directives \u00e9mises par les autorit\u00e9s publiques \u00e0 l\u2019effet de limiter la propagation de l\u2019\u00e9pid\u00e9mie au Maroc et partant, aboutir \u00e0 l\u2019immunit\u00e9 collective.<\/p>\n<\/div>\n<p>Auteur: ALM<br \/>\n<a href=\"https:\/\/aujourdhui.ma\/actualite\/le-gouvernement-rassure-il-ny-aura-pas-de-ponctions-sur-les-salaires-pour-les-fonctionnaires-non-encore-totalement-vaccines\">Cliquez ici pour lire l&rsquo;article depuis sa source.<\/a><\/p>\n","protected":false},"excerpt":{"rendered":"<p>Le minist\u00e8re de la Transition num\u00e9rique et de la R\u00e9forme de l\u2019administration a assur\u00e9, vendredi, qu\u2019il a \u00e9t\u00e9 d\u00e9cid\u00e9 de ne pas mettre en application la proc\u00e9dure de retenue sur les salaires des fonctionnaires et employ\u00e9s des \u00e9tablissements publics qui n\u2019ont pas encore achev\u00e9 leur sch\u00e9ma vaccinal. Cette d\u00e9cision a \u00e9t\u00e9 prise \u00e0 la lumi\u00e8re [&hellip;]<\/p>\n","protected":false},"author":1759,"featured_media":0,"comment_status":"closed","ping_status":"closed","sticky":false,"template":"","format":"standard","meta":{"fifu_image_url":"https:\/\/aujourdhui.ma\/wp-content\/uploads\/2021\/08\/Vaccin-Covid19-coronavirus-300x153.jpg","fifu_image_alt":"Le gouvernement rassure: Il n\u2019y aura pas de ponctions sur les salaires pour les fonctionnaires non encore totalement vaccin\u00e9s","footnotes":""},"categories":[73,54],"tags":[],"class_list":["post-141781","post","type-post","status-publish","format-standard","hentry","category-actualite","category-maroc"],"_links":{"self":[{"href":"https:\/\/linitiative.ca\/International\/wp-json\/wp\/v2\/posts\/141781","targetHints":{"allow":["GET"]}}],"collection":[{"href":"https:\/\/linitiative.ca\/International\/wp-json\/wp\/v2\/posts"}],"about":[{"href":"https:\/\/linitiative.ca\/International\/wp-json\/wp\/v2\/types\/post"}],"author":[{"embeddable":true,"href":"https:\/\/linitiative.ca\/International\/wp-json\/wp\/v2\/users\/1759"}],"replies":[{"embeddable":true,"href":"https:\/\/linitiative.ca\/International\/wp-json\/wp\/v2\/comments?post=141781"}],"version-history":[{"count":0,"href":"https:\/\/linitiative.ca\/International\/wp-json\/wp\/v2\/posts\/141781\/revisions"}],"wp:attachment":[{"href":"https:\/\/linitiative.ca\/International\/wp-json\/wp\/v2\/media?parent=141781"}],"wp:term":[{"taxonomy":"category","embeddable":true,"href":"https:\/\/linitiative.ca\/International\/wp-json\/wp\/v2\/categories?post=141781"},{"taxonomy":"post_tag","embeddable":true,"href":"https:\/\/linitiative.ca\/International\/wp-json\/wp\/v2\/tags?post=141781"}],"curies":[{"name":"wp","href":"https:\/\/api.w.org\/{rel}","templated":true}]}}