{"id":141785,"date":"2022-02-26T07:31:46","date_gmt":"2022-02-26T12:31:46","guid":{"rendered":"https:\/\/linitiative.ca\/International\/demarrage-des-declarations-via-le-portail-covid19-cnss-ma-a-partir-de-ce-samedi-26-fevrier-cest-parti-pour-lindemnite-tourisme\/"},"modified":"2022-02-26T07:31:46","modified_gmt":"2022-02-26T12:31:46","slug":"demarrage-des-declarations-via-le-portail-covid19-cnss-ma-a-partir-de-ce-samedi-26-fevrier-cest-parti-pour-lindemnite-tourisme","status":"publish","type":"post","link":"https:\/\/linitiative.ca\/International\/demarrage-des-declarations-via-le-portail-covid19-cnss-ma-a-partir-de-ce-samedi-26-fevrier-cest-parti-pour-lindemnite-tourisme\/","title":{"rendered":"D\u00e9marrage des d\u00e9clarations via le portail covid19.cnss.ma \u00e0 partir de ce samedi 26 f\u00e9vrier : C\u2019est parti pour l\u2019indemnit\u00e9 tourisme"},"content":{"rendered":"<div>\n<p><img loading=\"lazy\" decoding=\"async\" width=\"300\" height=\"153\" src=\"https:\/\/linitiative.ca\/International\/wp-content\/uploads\/sites\/23\/2022\/02\/Tourisme-Marrakech-Maroc-300x153-1.jpg\" class=\"attachment-medium size-medium wp-post-image\" alt=\"\" srcset=\"https:\/\/linitiative.ca\/International\/wp-content\/uploads\/sites\/23\/2022\/02\/Tourisme-Marrakech-Maroc-300x153-1.jpg 300w, https:\/\/aujourdhui.ma\/wp-content\/uploads\/2022\/02\/Tourisme-Marrakech-Maroc-274x140.jpg 274w, https:\/\/aujourdhui.ma\/wp-content\/uploads\/2022\/02\/Tourisme-Marrakech-Maroc.jpg 746w, https:\/\/aujourdhui.ma\/wp-content\/uploads\/2022\/02\/Tourisme-Marrakech-Maroc-165x84.jpg 165w, https:\/\/aujourdhui.ma\/wp-content\/uploads\/2022\/02\/Tourisme-Marrakech-Maroc-702x358.jpg 702w\" sizes=\"auto, (max-width: 300px) 100vw, 300px\"><\/p>\n<p><span style=\"color: #800000; font-size: 20px;\"><strong>Avis aux op\u00e9rateurs touristiques. La Caisse Nationale de S\u00e9curit\u00e9 Sociale (CNSS) d\u00e9marre les d\u00e9clarations pour les salari\u00e9s impact\u00e9s par la pand\u00e9mie de Covid-19.<\/strong><\/span><span id=\"more-400931\"><\/span><\/p>\n<p>En effet, la CNSS lance un appel aux \u00e9tablissements d\u2019h\u00e9bergement class\u00e9s ; les agences de voyage agr\u00e9\u00e9es par l\u2019autorit\u00e9 gouvernementale en charge du tourisme ; les restaurants touristiques class\u00e9s ; le transport touristique pour les personnes autoris\u00e9es par l\u2019autorit\u00e9 gouvernementale en charge du transport ; les entreprises d\u2019int\u00e9rim ayant des contrats avec les employeurs des sous-secteurs du tourisme pr\u00e9cit\u00e9s, sign\u00e9s avant fin f\u00e9vrier 2020. Pour ces derniers qui remplissent les conditions stipul\u00e9es dans le d\u00e9cret n\u00b02.21.966, il est d\u00e9sormais possible de faire les demandes afin de faire b\u00e9n\u00e9ficier leurs salari\u00e9s et stagiaires sous contrat pour insertion d\u00e9clar\u00e9s en f\u00e9vrier 2020, de l\u2019indemnit\u00e9 forfaitaire.<\/p>\n<p>Celle-ci couvre \u00e9galement les salari\u00e9s ayant \u00e9t\u00e9 en \u00e9tat de maladie, de maternit\u00e9 ou d\u2019accident de travail ainsi que les guides touristiques disposant d\u2019une carte professionnelle et de la taxe professionnelle, ou qui sont inscrits au registre des auto-entrepreneurs et assur\u00e9s par la CNSS en vertu de la loi 98.15 instituant la couverture m\u00e9dicale au profit des travailleurs non salari\u00e9s. Concr\u00e8tement, l\u2019indemnit\u00e9 forfaitaire, financ\u00e9e par le fonds sp\u00e9cial de gestion de la pand\u00e9mie Covid19 institu\u00e9 sous instructions de Sa Majest\u00e9 le Roi, porte sur la p\u00e9riode du 1er janvier \u00e0 fin mars 2022.<\/p>\n<p>Les op\u00e9rateurs \u00e9ligibles doivent proc\u00e9der \u00e0 leur d\u00e9claration via le portail <strong><span style=\"color: #3366ff;\"><a style=\"color: #3366ff;\" href=\"https:\/\/covid19.cnss.ma\/espace-affilie\/faces\/oracle\/webcenter\/portalapp\/pages\/login.jspx?_afrLoop=3458327951150470&amp;_afrWindowMode=0&amp;_afrWindowId=null&amp;_adf.ctrl-state=afqkqskkr_2#!%40%40%3F_afrWindowId%3Dnull%26_afrLoop%3D3458327951150470%26_afrWindowMode%3D0%26_adf.ctrl-state%3Dafqkqskkr_6\" target=\"_blank\" rel=\"noopener\">covid19.cnss.ma<\/a><\/span><\/strong> pour les mois de janvier et f\u00e9vrier 2022, \u00e0 partir de ce samedi 26 f\u00e9vrier jusqu\u2019au 16 mars 2022, et pour le mois de mars 2021, les d\u00e9clarations peuvent se faire jusqu\u2019au 16 avril 2022.<br \/>\nEn revanche, pour les guides touristiques qui auraient r\u00e9gularis\u00e9 leur situation et renouvel\u00e9 leurs documents de travail avant le 31 mars 2022, ils ont la possibilit\u00e9 de d\u00e9clarer les trois mois pr\u00e9cit\u00e9s via le portail jusqu\u2019au 16 avril 2022.<\/p>\n<p>Pour plus d\u2019informations, contacter le centre \u2018\u2019Allo Damane\u2018\u2019 aux num\u00e9ros suivants :<br \/>\n<span style=\"font-size: 20px;\"><strong>080 200 72 00 \/ 080 203 33 33.<\/strong><\/span><\/p>\n<\/div>\n<p>Auteur: ALM<br \/>\n<a href=\"https:\/\/aujourdhui.ma\/societe\/demarrage-des-declarations-via-le-portail-covid19-cnss-ma-a-partir-de-ce-samedi-26-fevrier-cest-parti-pour-lindemnite-tourisme\">Cliquez ici pour lire l&rsquo;article depuis sa source.<\/a><\/p>\n","protected":false},"excerpt":{"rendered":"<p>Avis aux op\u00e9rateurs touristiques. La Caisse Nationale de S\u00e9curit\u00e9 Sociale (CNSS) d\u00e9marre les d\u00e9clarations pour les salari\u00e9s impact\u00e9s par la pand\u00e9mie de Covid-19. En effet, la CNSS lance un appel aux \u00e9tablissements d\u2019h\u00e9bergement class\u00e9s ; les agences de voyage agr\u00e9\u00e9es par l\u2019autorit\u00e9 gouvernementale en charge du tourisme ; les restaurants touristiques class\u00e9s ; le transport [&hellip;]<\/p>\n","protected":false},"author":1759,"featured_media":0,"comment_status":"closed","ping_status":"closed","sticky":false,"template":"","format":"standard","meta":{"fifu_image_url":"https:\/\/aujourdhui.ma\/wp-content\/uploads\/2022\/02\/Tourisme-Marrakech-Maroc-300x153.jpg","fifu_image_alt":"D\u00e9marrage des d\u00e9clarations via le portail covid19.cnss.ma \u00e0 partir de ce samedi 26 f\u00e9vrier : C\u2019est parti pour l\u2019indemnit\u00e9 tourisme","footnotes":""},"categories":[73,54],"tags":[],"class_list":["post-141785","post","type-post","status-publish","format-standard","hentry","category-actualite","category-maroc"],"_links":{"self":[{"href":"https:\/\/linitiative.ca\/International\/wp-json\/wp\/v2\/posts\/141785","targetHints":{"allow":["GET"]}}],"collection":[{"href":"https:\/\/linitiative.ca\/International\/wp-json\/wp\/v2\/posts"}],"about":[{"href":"https:\/\/linitiative.ca\/International\/wp-json\/wp\/v2\/types\/post"}],"author":[{"embeddable":true,"href":"https:\/\/linitiative.ca\/International\/wp-json\/wp\/v2\/users\/1759"}],"replies":[{"embeddable":true,"href":"https:\/\/linitiative.ca\/International\/wp-json\/wp\/v2\/comments?post=141785"}],"version-history":[{"count":0,"href":"https:\/\/linitiative.ca\/International\/wp-json\/wp\/v2\/posts\/141785\/revisions"}],"wp:attachment":[{"href":"https:\/\/linitiative.ca\/International\/wp-json\/wp\/v2\/media?parent=141785"}],"wp:term":[{"taxonomy":"category","embeddable":true,"href":"https:\/\/linitiative.ca\/International\/wp-json\/wp\/v2\/categories?post=141785"},{"taxonomy":"post_tag","embeddable":true,"href":"https:\/\/linitiative.ca\/International\/wp-json\/wp\/v2\/tags?post=141785"}],"curies":[{"name":"wp","href":"https:\/\/api.w.org\/{rel}","templated":true}]}}