{"id":141793,"date":"2022-02-26T11:13:02","date_gmt":"2022-02-26T16:13:02","guid":{"rendered":"https:\/\/linitiative.ca\/International\/mise-en-place-de-nouveaux-numeros-verts-pour-contacter-les-cellules-daccueil-et-daccompagnement-dans-les-pays-limitrophes-de-lukraine\/"},"modified":"2022-02-26T11:13:02","modified_gmt":"2022-02-26T16:13:02","slug":"mise-en-place-de-nouveaux-numeros-verts-pour-contacter-les-cellules-daccueil-et-daccompagnement-dans-les-pays-limitrophes-de-lukraine","status":"publish","type":"post","link":"https:\/\/linitiative.ca\/International\/mise-en-place-de-nouveaux-numeros-verts-pour-contacter-les-cellules-daccueil-et-daccompagnement-dans-les-pays-limitrophes-de-lukraine\/","title":{"rendered":"Mise en place de nouveaux num\u00e9ros verts pour contacter les cellules d\u2019accueil et d\u2019accompagnement dans les pays limitrophes de l\u2019Ukraine"},"content":{"rendered":"<div>\n<p><img loading=\"lazy\" decoding=\"async\" width=\"300\" height=\"153\" src=\"https:\/\/linitiative.ca\/International\/wp-content\/uploads\/sites\/23\/2022\/02\/Guerre-Ukraine-300x153-1.jpg\" class=\"attachment-medium size-medium wp-post-image\" alt=\"\" srcset=\"https:\/\/linitiative.ca\/International\/wp-content\/uploads\/sites\/23\/2022\/02\/Guerre-Ukraine-300x153-1.jpg 300w, https:\/\/aujourdhui.ma\/wp-content\/uploads\/2022\/02\/Guerre-Ukraine-274x140.jpg 274w, https:\/\/aujourdhui.ma\/wp-content\/uploads\/2022\/02\/Guerre-Ukraine.jpg 746w, https:\/\/aujourdhui.ma\/wp-content\/uploads\/2022\/02\/Guerre-Ukraine-165x84.jpg 165w, https:\/\/aujourdhui.ma\/wp-content\/uploads\/2022\/02\/Guerre-Ukraine-702x358.jpg 702w\" sizes=\"auto, (max-width: 300px) 100vw, 300px\"><\/p>\n<p><span style=\"color: #800000; font-size: 20px;\"><strong>L\u2019Ambassade du Royaume du Maroc \u00e0 Kiev a annonc\u00e9, samedi, la mise en place de nouveaux num\u00e9ros verts pour les concitoyens souhaitant contacter les cellules d\u2019accueil et d\u2019accompagnement dans les pays limitrophes de l\u2019Ukraine.<\/strong><\/span><span id=\"more-400943\"><\/span><\/p>\n<p>\u00ab\u00a0En compl\u00e9ment des deux communiqu\u00e9s publi\u00e9s par l\u2019ambassade du Royaume du Maroc \u00e0 Kiev et compte tenu de la fermeture toujours en vigueur de l\u2019espace a\u00e9rien ukrainien, de nouveaux num\u00e9ros verts ont \u00e9t\u00e9 mis en place pour contacter les cellules d\u2019accueil et d\u2019accompagnement d\u00e9di\u00e9s \u00e0 cette fin dans les pays limitrophes des l\u2019Ukraine\u00a0\u00bb, pr\u00e9cise un communiqu\u00e9 de la repr\u00e9sentation diplomatique.<\/p>\n<p>Il s\u2019agit de:<\/p>\n<p>\u2013 Pologne: 008003211419<\/p>\n<p>\u2013 Roumanie: 0800410139<\/p>\n<p>\u2013 Slovaquie: 0800601748<\/p>\n<p>\u2013 Hongrie: 0680216008<\/p>\n<p>L\u2019Ambassade du Royaume du Maroc \u00e0 Kiev a de nouveau appel\u00e9 tous les citoyens marocains sur le territoire ukrainien \u00e0 observer les orientations et les mesures de s\u00e9curit\u00e9 des autorit\u00e9s ukrainiennes comp\u00e9tentes.<\/p>\n<p><img loading=\"lazy\" decoding=\"async\" class=\"aligncenter size-large wp-image-400945\" src=\"https:\/\/linitiative.ca\/International\/wp-content\/uploads\/sites\/23\/2022\/02\/maroc-ukraine-1024x1002-1.jpeg\" alt=\"\" width=\"1000\" height=\"979\" srcset=\"https:\/\/linitiative.ca\/International\/wp-content\/uploads\/sites\/23\/2022\/02\/maroc-ukraine-1024x1002-1.jpeg 1024w, https:\/\/aujourdhui.ma\/wp-content\/uploads\/2022\/02\/maroc-ukraine-300x293.jpeg 300w, https:\/\/aujourdhui.ma\/wp-content\/uploads\/2022\/02\/maroc-ukraine-768x751.jpeg 768w, https:\/\/aujourdhui.ma\/wp-content\/uploads\/2022\/02\/maroc-ukraine-1536x1502.jpeg 1536w, https:\/\/aujourdhui.ma\/wp-content\/uploads\/2022\/02\/maroc-ukraine-36x36.jpeg 36w, https:\/\/aujourdhui.ma\/wp-content\/uploads\/2022\/02\/maroc-ukraine.jpeg 1600w\" sizes=\"auto, (max-width: 1000px) 100vw, 1000px\"><\/p>\n<\/div>\n<p>Auteur: ALM<br \/>\n<a href=\"https:\/\/aujourdhui.ma\/actualite\/mise-en-place-de-nouveaux-numeros-verts-pour-contacter-les-cellules-daccueil-et-daccompagnement-dans-les-pays-limitrophes-de-lukraine\">Cliquez ici pour lire l&rsquo;article depuis sa source.<\/a><\/p>\n","protected":false},"excerpt":{"rendered":"<p>L\u2019Ambassade du Royaume du Maroc \u00e0 Kiev a annonc\u00e9, samedi, la mise en place de nouveaux num\u00e9ros verts pour les concitoyens souhaitant contacter les cellules d\u2019accueil et d\u2019accompagnement dans les pays limitrophes de l\u2019Ukraine. \u00ab\u00a0En compl\u00e9ment des deux communiqu\u00e9s publi\u00e9s par l\u2019ambassade du Royaume du Maroc \u00e0 Kiev et compte tenu de la fermeture toujours [&hellip;]<\/p>\n","protected":false},"author":1759,"featured_media":0,"comment_status":"closed","ping_status":"closed","sticky":false,"template":"","format":"standard","meta":{"fifu_image_url":"https:\/\/aujourdhui.ma\/wp-content\/uploads\/2022\/02\/Guerre-Ukraine-300x153.jpg","fifu_image_alt":"Mise en place de nouveaux num\u00e9ros verts pour contacter les cellules d\u2019accueil et d\u2019accompagnement dans les pays limitrophes de l\u2019Ukraine","footnotes":""},"categories":[73,54],"tags":[],"class_list":["post-141793","post","type-post","status-publish","format-standard","hentry","category-actualite","category-maroc"],"_links":{"self":[{"href":"https:\/\/linitiative.ca\/International\/wp-json\/wp\/v2\/posts\/141793","targetHints":{"allow":["GET"]}}],"collection":[{"href":"https:\/\/linitiative.ca\/International\/wp-json\/wp\/v2\/posts"}],"about":[{"href":"https:\/\/linitiative.ca\/International\/wp-json\/wp\/v2\/types\/post"}],"author":[{"embeddable":true,"href":"https:\/\/linitiative.ca\/International\/wp-json\/wp\/v2\/users\/1759"}],"replies":[{"embeddable":true,"href":"https:\/\/linitiative.ca\/International\/wp-json\/wp\/v2\/comments?post=141793"}],"version-history":[{"count":0,"href":"https:\/\/linitiative.ca\/International\/wp-json\/wp\/v2\/posts\/141793\/revisions"}],"wp:attachment":[{"href":"https:\/\/linitiative.ca\/International\/wp-json\/wp\/v2\/media?parent=141793"}],"wp:term":[{"taxonomy":"category","embeddable":true,"href":"https:\/\/linitiative.ca\/International\/wp-json\/wp\/v2\/categories?post=141793"},{"taxonomy":"post_tag","embeddable":true,"href":"https:\/\/linitiative.ca\/International\/wp-json\/wp\/v2\/tags?post=141793"}],"curies":[{"name":"wp","href":"https:\/\/api.w.org\/{rel}","templated":true}]}}