{"id":141801,"date":"2022-02-26T05:09:10","date_gmt":"2022-02-26T10:09:10","guid":{"rendered":"https:\/\/linitiative.ca\/International\/des-chutes-de-neige-et-des-fortes-pluies-parfois-orageuses\/"},"modified":"2022-02-26T05:09:10","modified_gmt":"2022-02-26T10:09:10","slug":"des-chutes-de-neige-et-des-fortes-pluies-parfois-orageuses","status":"publish","type":"post","link":"https:\/\/linitiative.ca\/International\/des-chutes-de-neige-et-des-fortes-pluies-parfois-orageuses\/","title":{"rendered":"Des chutes de neige et des fortes pluies parfois orageuses"},"content":{"rendered":"<div>\n<div style=\"margin-bottom:20px;\"><img loading=\"lazy\" decoding=\"async\" width=\"750\" height=\"430\" src=\"https:\/\/linitiative.ca\/International\/wp-content\/uploads\/sites\/23\/2022\/02\/Chutes-de-neige.jpg\" class=\"attachment-post-thumbnail size-post-thumbnail wp-post-image\" alt=\"\" srcset=\"https:\/\/linitiative.ca\/International\/wp-content\/uploads\/sites\/23\/2022\/02\/Chutes-de-neige.jpg 750w, https:\/\/www.mapmarrakech.ma\/map\/uploads\/2022\/02\/Chutes-de-neige-300x172.jpg 300w\" sizes=\"auto, (max-width: 750px) 100vw, 750px\"><\/div>\n<p>Ainsi, des chutes de neige (20 \u00e0 35 cm) sont attendues dimanche dans les provinces d\u2019Azilal, Midelt, Tinghir, Al Haouz et Ouarzazate, a pr\u00e9cis\u00e9 la DGM dans un bulletin d\u2019alerte m\u00e9t\u00e9orologique (niveau de vigilance: organe).<\/p>\n<p>Par ailleurs, des fortes pluies parfois orageuses (30 \u00e0 40 mm) int\u00e9resseront le dimanche de 06h \u00e0 20h les provinces de Midelt, Errachidia, Tinghir, Ouarzazate et Taroudant, a ajout\u00e9 la m\u00eame source.<\/p>\n<p>The post <a rel=\"nofollow\" href=\"https:\/\/www.mapmarrakech.ma\/fr\/des-chutes-de-neige-et-des-fortes-pluies-parfois-orageuses\/\">Des chutes de neige et des fortes pluies parfois orageuses<\/a> appeared first on <a rel=\"nofollow\" href=\"https:\/\/www.mapmarrakech.ma\/fr\">MapMarrakech<\/a>.<\/p>\n<\/div>\n<p>Auteur: Meriem IGASS<br \/>\n<a href=\"https:\/\/www.mapmarrakech.ma\/fr\/des-chutes-de-neige-et-des-fortes-pluies-parfois-orageuses\/\">Cliquez ici pour lire l&rsquo;article depuis sa source.<\/a><\/p>\n","protected":false},"excerpt":{"rendered":"<p>Ainsi, des chutes de neige (20 \u00e0 35 cm) sont attendues dimanche dans les provinces d\u2019Azilal, Midelt, Tinghir, Al Haouz et Ouarzazate, a pr\u00e9cis\u00e9 la DGM dans un bulletin d\u2019alerte m\u00e9t\u00e9orologique (niveau de vigilance: organe). Par ailleurs, des fortes pluies parfois orageuses (30 \u00e0 40 mm) int\u00e9resseront le dimanche de 06h \u00e0 20h les provinces [&hellip;]<\/p>\n","protected":false},"author":1788,"featured_media":0,"comment_status":"closed","ping_status":"closed","sticky":false,"template":"","format":"standard","meta":{"fifu_image_url":"https:\/\/www.mapmarrakech.ma\/map\/uploads\/2022\/02\/Chutes-de-neige.jpg","fifu_image_alt":"Des chutes de neige et des fortes pluies parfois orageuses","footnotes":""},"categories":[54,76],"tags":[],"class_list":["post-141801","post","type-post","status-publish","format-standard","hentry","category-maroc","category-regions"],"_links":{"self":[{"href":"https:\/\/linitiative.ca\/International\/wp-json\/wp\/v2\/posts\/141801","targetHints":{"allow":["GET"]}}],"collection":[{"href":"https:\/\/linitiative.ca\/International\/wp-json\/wp\/v2\/posts"}],"about":[{"href":"https:\/\/linitiative.ca\/International\/wp-json\/wp\/v2\/types\/post"}],"author":[{"embeddable":true,"href":"https:\/\/linitiative.ca\/International\/wp-json\/wp\/v2\/users\/1788"}],"replies":[{"embeddable":true,"href":"https:\/\/linitiative.ca\/International\/wp-json\/wp\/v2\/comments?post=141801"}],"version-history":[{"count":0,"href":"https:\/\/linitiative.ca\/International\/wp-json\/wp\/v2\/posts\/141801\/revisions"}],"wp:attachment":[{"href":"https:\/\/linitiative.ca\/International\/wp-json\/wp\/v2\/media?parent=141801"}],"wp:term":[{"taxonomy":"category","embeddable":true,"href":"https:\/\/linitiative.ca\/International\/wp-json\/wp\/v2\/categories?post=141801"},{"taxonomy":"post_tag","embeddable":true,"href":"https:\/\/linitiative.ca\/International\/wp-json\/wp\/v2\/tags?post=141801"}],"curies":[{"name":"wp","href":"https:\/\/api.w.org\/{rel}","templated":true}]}}