{"id":141803,"date":"2022-02-26T06:10:14","date_gmt":"2022-02-26T11:10:14","guid":{"rendered":"https:\/\/linitiative.ca\/International\/previsions-meteorologiques-du-dimanche-27-fevrier-2022\/"},"modified":"2022-02-26T06:10:14","modified_gmt":"2022-02-26T11:10:14","slug":"previsions-meteorologiques-du-dimanche-27-fevrier-2022","status":"publish","type":"post","link":"https:\/\/linitiative.ca\/International\/previsions-meteorologiques-du-dimanche-27-fevrier-2022\/","title":{"rendered":"Pr\u00e9visions m\u00e9t\u00e9orologiques du dimanche 27 f\u00e9vrier 2022"},"content":{"rendered":"<div>\n<div style=\"margin-bottom:20px;\"><img loading=\"lazy\" decoding=\"async\" width=\"750\" height=\"430\" src=\"https:\/\/linitiative.ca\/International\/wp-content\/uploads\/sites\/23\/2022\/02\/soleil_mC3A9tC3A9o-3-1.jpg\" class=\"attachment-post-thumbnail size-post-thumbnail wp-post-image\" alt=\"\" srcset=\"https:\/\/linitiative.ca\/International\/wp-content\/uploads\/sites\/23\/2022\/02\/soleil_mC3A9tC3A9o-3-1.jpg 750w, https:\/\/www.mapmarrakech.ma\/map\/uploads\/2021\/11\/soleil_m\u00e9t\u00e9o-3-300x172.jpg 300w\" sizes=\"auto, (max-width: 750px) 100vw, 750px\"><\/div>\n<p>\u2013 Pluies et averses parfois orageuses sur le Sud-Est, l\u2019Atlas, ses r\u00e9gions Ouest voisines, l\u2019Oriental et les plateaux de Phosphates.<\/p>\n<p>\u2013 Chutes de neige sur les Haut et Moyen Atlas.<\/p>\n<p>\u2013 Ond\u00e9es par endroits sur la M\u00e9diterran\u00e9e, le Rif, les plaines Nord et Centre et le Nord des provinces Sud.<\/p>\n<p>\u2013 Temps relativement froid la matin\u00e9e et la nuit sur l\u2019Atlas et le Rif.<\/p>\n<p>\u2013 Rafales de vent assez fortes sur le Tang\u00e9rois et les c\u00f4tes Centre et Sud.<\/p>\n<p>\u2013 Temp\u00e9ratures minimales de l\u2019ordre de 00\/06\u00b0C sur l\u2019Atlas, de 06\/12\u00b0C sur le Rif, l\u2019Oriental et les versants Sud-Est et de 12\/16\u00b0C ailleurs.<\/p>\n<p>\u2013 Temp\u00e9ratures maximales en l\u00e9g\u00e8re baisse<\/p>\n<p>\u2013 Mer agit\u00e9e \u00e0 forte en m\u00e9diterran\u00e9e et sur le d\u00e9troit, peu agit\u00e9e \u00e0 agit\u00e9e entre Cap Spartel et Mehdia et agit\u00e9e \u00e0 forte ailleurs.<\/p>\n<p>The post <a rel=\"nofollow\" href=\"https:\/\/www.mapmarrakech.ma\/fr\/previsions-meteorologiques-du-dimanche-27-fevrier-2022\/\">Pr\u00e9visions m\u00e9t\u00e9orologiques du dimanche 27 f\u00e9vrier 2022<\/a> appeared first on <a rel=\"nofollow\" href=\"https:\/\/www.mapmarrakech.ma\/fr\">MapMarrakech<\/a>.<\/p>\n<\/div>\n<p>Auteur: Meriem IGASS<br \/>\n<a href=\"https:\/\/www.mapmarrakech.ma\/fr\/previsions-meteorologiques-du-dimanche-27-fevrier-2022\/\">Cliquez ici pour lire l&rsquo;article depuis sa source.<\/a><\/p>\n","protected":false},"excerpt":{"rendered":"<p>\u2013 Pluies et averses parfois orageuses sur le Sud-Est, l\u2019Atlas, ses r\u00e9gions Ouest voisines, l\u2019Oriental et les plateaux de Phosphates. \u2013 Chutes de neige sur les Haut et Moyen Atlas. \u2013 Ond\u00e9es par endroits sur la M\u00e9diterran\u00e9e, le Rif, les plaines Nord et Centre et le Nord des provinces Sud. \u2013 Temps relativement froid la [&hellip;]<\/p>\n","protected":false},"author":1788,"featured_media":0,"comment_status":"closed","ping_status":"closed","sticky":false,"template":"","format":"standard","meta":{"fifu_image_url":"https:\/\/www.mapmarrakech.ma\/map\/uploads\/2021\/11\/soleil_m\u00e9t\u00e9o-3.jpg","fifu_image_alt":"Pr\u00e9visions m\u00e9t\u00e9orologiques du dimanche 27 f\u00e9vrier 2022","footnotes":""},"categories":[54,76],"tags":[],"class_list":["post-141803","post","type-post","status-publish","format-standard","hentry","category-maroc","category-regions"],"_links":{"self":[{"href":"https:\/\/linitiative.ca\/International\/wp-json\/wp\/v2\/posts\/141803","targetHints":{"allow":["GET"]}}],"collection":[{"href":"https:\/\/linitiative.ca\/International\/wp-json\/wp\/v2\/posts"}],"about":[{"href":"https:\/\/linitiative.ca\/International\/wp-json\/wp\/v2\/types\/post"}],"author":[{"embeddable":true,"href":"https:\/\/linitiative.ca\/International\/wp-json\/wp\/v2\/users\/1788"}],"replies":[{"embeddable":true,"href":"https:\/\/linitiative.ca\/International\/wp-json\/wp\/v2\/comments?post=141803"}],"version-history":[{"count":0,"href":"https:\/\/linitiative.ca\/International\/wp-json\/wp\/v2\/posts\/141803\/revisions"}],"wp:attachment":[{"href":"https:\/\/linitiative.ca\/International\/wp-json\/wp\/v2\/media?parent=141803"}],"wp:term":[{"taxonomy":"category","embeddable":true,"href":"https:\/\/linitiative.ca\/International\/wp-json\/wp\/v2\/categories?post=141803"},{"taxonomy":"post_tag","embeddable":true,"href":"https:\/\/linitiative.ca\/International\/wp-json\/wp\/v2\/tags?post=141803"}],"curies":[{"name":"wp","href":"https:\/\/api.w.org\/{rel}","templated":true}]}}