{"id":141805,"date":"2022-02-26T06:46:38","date_gmt":"2022-02-26T11:46:38","guid":{"rendered":"https:\/\/linitiative.ca\/International\/la-situation-hydrique-dans-la-province-sous-la-loupe\/"},"modified":"2022-02-26T06:46:38","modified_gmt":"2022-02-26T11:46:38","slug":"la-situation-hydrique-dans-la-province-sous-la-loupe","status":"publish","type":"post","link":"https:\/\/linitiative.ca\/International\/la-situation-hydrique-dans-la-province-sous-la-loupe\/","title":{"rendered":"La situation hydrique dans la province sous la loupe"},"content":{"rendered":"<div>\n<div style=\"margin-bottom:20px;\"><img loading=\"lazy\" decoding=\"async\" width=\"750\" height=\"430\" src=\"https:\/\/linitiative.ca\/International\/wp-content\/uploads\/sites\/23\/2022\/02\/barrage-sidi-mohammed-benabdellah.jpg\" class=\"attachment-post-thumbnail size-post-thumbnail wp-post-image\" alt=\"\" srcset=\"https:\/\/linitiative.ca\/International\/wp-content\/uploads\/sites\/23\/2022\/02\/barrage-sidi-mohammed-benabdellah.jpg 750w, https:\/\/www.mapmarrakech.ma\/map\/uploads\/2021\/12\/barrage-sidi-mohammed-benabdellah-300x172.jpg 300w\" sizes=\"auto, (max-width: 750px) 100vw, 750px\"><\/div>\n<p>Pr\u00e9sid\u00e9e par le gouverneur de la province, Adil El Maliki, en pr\u00e9sence notamment du secr\u00e9taire g\u00e9n\u00e9ral de la pr\u00e9fecture, du pr\u00e9sident du conseil provincial, des chefs des services concern\u00e9s et des \u00e9lus, cette rencontre a \u00e9t\u00e9 l\u2019occasion de faire le point sur la situation hydrique \u00e0 l\u2019\u00e9chelle de cette partie du territoire national, notamment dans le contexte de la conjoncture actuelle marqu\u00e9e par un d\u00e9ficit tangible des pr\u00e9cipitations au cours de la campagne agricole actuelle.<\/p>\n<p>Cette r\u00e9union, \u00e0 laquelle ont pris part \u00e9galement \u00e0 distance des \u00e9lus, des agents d\u2019autorit\u00e9 et divers acteurs, a \u00e9t\u00e9 aussi marqu\u00e9e par l\u2019examen du dispositif mis en place et des mesures entreprises pour palier \u00e0 ce d\u00e9ficit pluviom\u00e9trique et, partant, assurer la continuit\u00e9 de l\u2019approvisionnement normal en eau \u00e0 l\u2019\u00e9chelle de la province.<\/p>\n<p>S\u2019exprimant \u00e0 cette occasion, M. El Maliki a indiqu\u00e9 que cette r\u00e9union se veut l\u2019occasion d\u2019avoir une vision globale sur l\u2019\u00e9tat des lieux et la situation hydrique actuelle au niveau de la province, avec un accent particulier sur les trois principaux axes inh\u00e9rents \u00e0 la gestion des ressources hydriques \u00e0 savoir l\u2019approvisionnement en eau potable, l\u2019irrigation et l\u2019agriculture ainsi que l\u2019utilisation d\u2019eau.<\/p>\n<p>Il a, dans la foul\u00e9e, insist\u00e9 sur l\u2019\u2019importance de la sensibilisation \u00e0 la rationalisation de l\u2019utilisation de cette denr\u00e9e vitale, notamment dans le domaine d\u2019irrigation, relevant que la politique d\u2019eau doit \u00eatre au coeur de l\u2019agriculture et de sa modernisation.<\/p>\n<p>Le gouverneur a, d\u2019autre part, mis en exergue les efforts consentis pour le renforcement de l\u2019acc\u00e8s \u00e0 l\u2019eau \u00e0 l\u2019\u00e9chelle de la province, invitant les diff\u00e9rents acteurs et parties prenantes \u00e0 \u0153uvrer en vue de donner un coup d\u2019acc\u00e9l\u00e9rateur et de f\u00e9d\u00e9rer davantage les efforts pour la p\u00e9rennisation de l\u2019approvisionnement en eau des diff\u00e9rentes communes de la province.<\/p>\n<p>De son c\u00f4t\u00e9, le directeur par int\u00e9rim de l\u2019Agence du Bassin hydraulique de Tensift, Mohamed Chtioui, a expliqu\u00e9 qu\u2019en d\u00e9pit du volume faible des pr\u00e9cipitations au cours de cette ann\u00e9e, les eaux stock\u00e9es dans les barrages restent suffisantes pour r\u00e9pondre sans interruption aux besoins de la province, \u00e0 l\u2019exception de certaines communes rurales o\u00f9 les ressources hydriques ont \u00e9t\u00e9 s\u00e9rieusement affect\u00e9es.<\/p>\n<p>Cette r\u00e9union a offert l\u2019opportunit\u00e9 aux participants d\u2019examiner les id\u00e9es et actions \u00e0 m\u00eame de contribuer \u00e0 la cons\u00e9cration d\u2019une nouvelle culture d\u2019utilisation rationnelle de l\u2019eau, a relev\u00e9 M. Chtioui dans une d\u00e9claration \u00e0 la MAP, citant dans ce sens l\u2019encouragement des cultures \u00e0 faible consommation d\u2019eau et l\u2019efficacit\u00e9 hydrique au sein des infrastructures \u00e9tatiques.<\/p>\n<p>Il a \u00e9t\u00e9 \u00e9galement question de la pr\u00e9sentation des mesures entreprises par l\u2019Etat au niveau du bassin hydraulique de Tensift et de la r\u00e9gion Marrakech-Safi, en particulier dans les centres qui enregistrent un d\u00e9ficit en mati\u00e8re d\u2019approvisionnement en eau potable.<\/p>\n<p>Il a not\u00e9, dans ce cadre, la programmation de la construction de 16 barrages \u00e0 l\u2019\u00e9chelle de la r\u00e9gion, dont deux au niveau de la province d\u2019Essaouira.<\/p>\n<p>Pour sa part, le directeur r\u00e9gional de l\u2019environnement, Noureddine Brim, a mis en avant la pertinence de la th\u00e9matique d\u2019actualit\u00e9 de cette r\u00e9union d\u00e9di\u00e9e \u00e0 la gestion optimale des ressources en eau au niveau de la province d\u2019Essaouira, estimant que la situation hydrique \u00e0 l\u2019\u00e9chelle de cette partie de territoire nationale \u00ab\u00a0n\u2019est pas alarmante ou difficile\u00a0\u00bb, mais demeure \u00ab\u00a0normale\u00a0\u00bb et \u00ab\u00a0ma\u00eetris\u00e9e\u00a0\u00bb \u00e0 la faveur des efforts d\u00e9ploy\u00e9s par les diff\u00e9rents partenaires, acteurs et services concern\u00e9s.<\/p>\n<p>Cette rencontre, a-t-il encha\u00een\u00e9 dans une d\u00e9claration similaire, a \u00e9t\u00e9 ainsi l\u2019occasion d\u2019approfondir la r\u00e9flexion en vue de faire face \u00e0 des situations difficiles qui peuvent \u00eatre engendr\u00e9es par le d\u00e9ficit des pr\u00e9cipitations, le but \u00e9tant d\u2019\u00e9pargner \u00e0 la province des probl\u00e8mes li\u00e9s au stress hydrique.<\/p>\n<p>Le responsable n\u2019a pas manqu\u00e9, dans ce sillage, de mettre l\u2019accent sur la mobilisation de l\u2019ensemble des acteurs et parties prenantes pour r\u00e9pondre \u00e0 une telle situation, soulignant l\u2019engagement de la Direction r\u00e9gionale de l\u2019environnement dans la concr\u00e9tisation de ces efforts, en particulier dans le domaine de la sensibilisation.<\/p>\n<p>Cette r\u00e9union a \u00e9t\u00e9 ponctu\u00e9e par une s\u00e9rie d\u2019interventions et d\u2019expos\u00e9s pr\u00e9sent\u00e9s par plusieurs services concern\u00e9s par la question de gestion des ressources hydriques \u00e0 l\u2019\u00e9chelle r\u00e9gionale et provinciale.<\/p>\n<p>The post <a rel=\"nofollow\" href=\"https:\/\/www.mapmarrakech.ma\/fr\/la-situation-hydrique-dans-la-province-sous-la-loupe\/\">La situation hydrique dans la province sous la loupe<\/a> appeared first on <a rel=\"nofollow\" href=\"https:\/\/www.mapmarrakech.ma\/fr\">MapMarrakech<\/a>.<\/p>\n<\/div>\n<p>Auteur: Meriem IGASS<br \/>\n<a href=\"https:\/\/www.mapmarrakech.ma\/fr\/la-situation-hydrique-dans-la-province-sous-la-loupe\/\">Cliquez ici pour lire l&rsquo;article depuis sa source.<\/a><\/p>\n","protected":false},"excerpt":{"rendered":"<p>Pr\u00e9sid\u00e9e par le gouverneur de la province, Adil El Maliki, en pr\u00e9sence notamment du secr\u00e9taire g\u00e9n\u00e9ral de la pr\u00e9fecture, du pr\u00e9sident du conseil provincial, des chefs des services concern\u00e9s et des \u00e9lus, cette rencontre a \u00e9t\u00e9 l\u2019occasion de faire le point sur la situation hydrique \u00e0 l\u2019\u00e9chelle de cette partie du territoire national, notamment dans [&hellip;]<\/p>\n","protected":false},"author":1788,"featured_media":0,"comment_status":"closed","ping_status":"closed","sticky":false,"template":"","format":"standard","meta":{"fifu_image_url":"https:\/\/www.mapmarrakech.ma\/map\/uploads\/2021\/12\/barrage-sidi-mohammed-benabdellah.jpg","fifu_image_alt":"La situation hydrique dans la province sous la loupe","footnotes":""},"categories":[54,76],"tags":[],"class_list":["post-141805","post","type-post","status-publish","format-standard","hentry","category-maroc","category-regions"],"_links":{"self":[{"href":"https:\/\/linitiative.ca\/International\/wp-json\/wp\/v2\/posts\/141805","targetHints":{"allow":["GET"]}}],"collection":[{"href":"https:\/\/linitiative.ca\/International\/wp-json\/wp\/v2\/posts"}],"about":[{"href":"https:\/\/linitiative.ca\/International\/wp-json\/wp\/v2\/types\/post"}],"author":[{"embeddable":true,"href":"https:\/\/linitiative.ca\/International\/wp-json\/wp\/v2\/users\/1788"}],"replies":[{"embeddable":true,"href":"https:\/\/linitiative.ca\/International\/wp-json\/wp\/v2\/comments?post=141805"}],"version-history":[{"count":0,"href":"https:\/\/linitiative.ca\/International\/wp-json\/wp\/v2\/posts\/141805\/revisions"}],"wp:attachment":[{"href":"https:\/\/linitiative.ca\/International\/wp-json\/wp\/v2\/media?parent=141805"}],"wp:term":[{"taxonomy":"category","embeddable":true,"href":"https:\/\/linitiative.ca\/International\/wp-json\/wp\/v2\/categories?post=141805"},{"taxonomy":"post_tag","embeddable":true,"href":"https:\/\/linitiative.ca\/International\/wp-json\/wp\/v2\/tags?post=141805"}],"curies":[{"name":"wp","href":"https:\/\/api.w.org\/{rel}","templated":true}]}}