{"id":141811,"date":"2022-02-26T11:13:27","date_gmt":"2022-02-26T16:13:27","guid":{"rendered":"https:\/\/linitiative.ca\/International\/marocains-en-ukraine-nouveaux-numeros-verts-pour-contacter-les-cellules-daccueil\/"},"modified":"2022-02-26T11:13:27","modified_gmt":"2022-02-26T16:13:27","slug":"marocains-en-ukraine-nouveaux-numeros-verts-pour-contacter-les-cellules-daccueil","status":"publish","type":"post","link":"https:\/\/linitiative.ca\/International\/marocains-en-ukraine-nouveaux-numeros-verts-pour-contacter-les-cellules-daccueil\/","title":{"rendered":"Marocains en Ukraine: nouveaux num\u00e9ros verts pour contacter les cellules d&rsquo;accueil"},"content":{"rendered":"<div>\n<div class=\"field field-name-body field-type-text-with-summary field-label-hidden\">\n<div class=\"field-items\">\n<div class=\"field-item even\" property=\"content:encoded\">\n<p>\u00a0L&rsquo;Ambassade du Royaume du Maroc \u00e0 Kiev a annonc\u00e9, samedi, la mise en place de nouveaux num\u00e9ros verts pour les concitoyens souhaitant contacter les cellules d&rsquo;accueil et d&rsquo;accompagnement dans les pays limitrophes de l&rsquo;Ukraine.<\/p>\n<\/div>\n<\/div>\n<\/div>\n<\/div>\n<p>Auteur: mbasraoui<br \/>\n<a href=\"https:\/\/www.leconomiste.com\/flash-infos\/marocains-en-ukraine-mise-en-place-de-nouveaux-numeros-verts-pour-contacter-les-cellules\">Cliquez ici pour lire l&rsquo;article depuis sa source.<\/a><\/p>\n","protected":false},"excerpt":{"rendered":"<p>\u00a0L&rsquo;Ambassade du Royaume du Maroc \u00e0 Kiev a annonc\u00e9, samedi, la mise en place de nouveaux num\u00e9ros verts pour les concitoyens souhaitant contacter les cellules d&rsquo;accueil et d&rsquo;accompagnement dans les pays limitrophes de l&rsquo;Ukraine. Auteur: mbasraoui Cliquez ici pour lire l&rsquo;article depuis sa source.<\/p>\n","protected":false},"author":1763,"featured_media":0,"comment_status":"closed","ping_status":"closed","sticky":false,"template":"","format":"standard","meta":{"fifu_image_url":"","fifu_image_alt":"","footnotes":""},"categories":[78,54],"tags":[],"class_list":["post-141811","post","type-post","status-publish","format-standard","hentry","category-economie","category-maroc"],"_links":{"self":[{"href":"https:\/\/linitiative.ca\/International\/wp-json\/wp\/v2\/posts\/141811","targetHints":{"allow":["GET"]}}],"collection":[{"href":"https:\/\/linitiative.ca\/International\/wp-json\/wp\/v2\/posts"}],"about":[{"href":"https:\/\/linitiative.ca\/International\/wp-json\/wp\/v2\/types\/post"}],"author":[{"embeddable":true,"href":"https:\/\/linitiative.ca\/International\/wp-json\/wp\/v2\/users\/1763"}],"replies":[{"embeddable":true,"href":"https:\/\/linitiative.ca\/International\/wp-json\/wp\/v2\/comments?post=141811"}],"version-history":[{"count":0,"href":"https:\/\/linitiative.ca\/International\/wp-json\/wp\/v2\/posts\/141811\/revisions"}],"wp:attachment":[{"href":"https:\/\/linitiative.ca\/International\/wp-json\/wp\/v2\/media?parent=141811"}],"wp:term":[{"taxonomy":"category","embeddable":true,"href":"https:\/\/linitiative.ca\/International\/wp-json\/wp\/v2\/categories?post=141811"},{"taxonomy":"post_tag","embeddable":true,"href":"https:\/\/linitiative.ca\/International\/wp-json\/wp\/v2\/tags?post=141811"}],"curies":[{"name":"wp","href":"https:\/\/api.w.org\/{rel}","templated":true}]}}