{"id":141812,"date":"2022-02-26T11:18:28","date_gmt":"2022-02-26T16:18:28","guid":{"rendered":"https:\/\/linitiative.ca\/International\/ammc-conseil-de-la-concurrence-une-rencontre-dechange-avec-les-acteurs-du-marche-des-capitaux\/"},"modified":"2022-02-26T11:18:28","modified_gmt":"2022-02-26T16:18:28","slug":"ammc-conseil-de-la-concurrence-une-rencontre-dechange-avec-les-acteurs-du-marche-des-capitaux","status":"publish","type":"post","link":"https:\/\/linitiative.ca\/International\/ammc-conseil-de-la-concurrence-une-rencontre-dechange-avec-les-acteurs-du-marche-des-capitaux\/","title":{"rendered":"AMMC\/Conseil de la concurrence: Une rencontre d\u2019\u00e9change avec les acteurs du march\u00e9 des capitaux"},"content":{"rendered":"<div>\n<div class=\"field field-name-body field-type-text-with-summary field-label-hidden\">\n<div class=\"field-items\">\n<div class=\"field-item even\" property=\"content:encoded\">\n<p>L\u2019Autorit\u00e9 marocaine du march\u00e9 des capitaux (AMMC) et le Conseil de la Concurrence ont co-organis\u00e9 vendredi une rencontre d\u2019\u00e9change avec les acteurs du march\u00e9 des capitaux.<\/p>\n<p>\u00ab\u00a0La pr\u00e9sidente de l\u2019AMMC, Nezha Hayat, a re\u00e7u le pr\u00e9sident du Conseil de la Concurrence, Ahmed Rahhou pour une rencontre d\u2019\u00e9change avec les acteurs du march\u00e9 des capitaux\u00a0\u00bb, indique un communiqu\u00e9 conjoint de l\u2019AMMC et le Conseil de la concurrence.<\/p>\n<\/div>\n<\/div>\n<\/div>\n<\/div>\n<p>Auteur: mbasraoui<br \/>\n<a href=\"https:\/\/www.leconomiste.com\/flash-infos\/ammc-conseil-de-la-concurrence-une-rencontre-d-echange-avec-les-acteurs-du-marche-des\">Cliquez ici pour lire l&rsquo;article depuis sa source.<\/a><\/p>\n","protected":false},"excerpt":{"rendered":"<p>L\u2019Autorit\u00e9 marocaine du march\u00e9 des capitaux (AMMC) et le Conseil de la Concurrence ont co-organis\u00e9 vendredi une rencontre d\u2019\u00e9change avec les acteurs du march\u00e9 des capitaux. \u00ab\u00a0La pr\u00e9sidente de l\u2019AMMC, Nezha Hayat, a re\u00e7u le pr\u00e9sident du Conseil de la Concurrence, Ahmed Rahhou pour une rencontre d\u2019\u00e9change avec les acteurs du march\u00e9 des capitaux\u00a0\u00bb, indique [&hellip;]<\/p>\n","protected":false},"author":1763,"featured_media":0,"comment_status":"closed","ping_status":"closed","sticky":false,"template":"","format":"standard","meta":{"fifu_image_url":"","fifu_image_alt":"","footnotes":""},"categories":[78,54],"tags":[],"class_list":["post-141812","post","type-post","status-publish","format-standard","hentry","category-economie","category-maroc"],"_links":{"self":[{"href":"https:\/\/linitiative.ca\/International\/wp-json\/wp\/v2\/posts\/141812","targetHints":{"allow":["GET"]}}],"collection":[{"href":"https:\/\/linitiative.ca\/International\/wp-json\/wp\/v2\/posts"}],"about":[{"href":"https:\/\/linitiative.ca\/International\/wp-json\/wp\/v2\/types\/post"}],"author":[{"embeddable":true,"href":"https:\/\/linitiative.ca\/International\/wp-json\/wp\/v2\/users\/1763"}],"replies":[{"embeddable":true,"href":"https:\/\/linitiative.ca\/International\/wp-json\/wp\/v2\/comments?post=141812"}],"version-history":[{"count":0,"href":"https:\/\/linitiative.ca\/International\/wp-json\/wp\/v2\/posts\/141812\/revisions"}],"wp:attachment":[{"href":"https:\/\/linitiative.ca\/International\/wp-json\/wp\/v2\/media?parent=141812"}],"wp:term":[{"taxonomy":"category","embeddable":true,"href":"https:\/\/linitiative.ca\/International\/wp-json\/wp\/v2\/categories?post=141812"},{"taxonomy":"post_tag","embeddable":true,"href":"https:\/\/linitiative.ca\/International\/wp-json\/wp\/v2\/tags?post=141812"}],"curies":[{"name":"wp","href":"https:\/\/api.w.org\/{rel}","templated":true}]}}