{"id":141813,"date":"2022-02-26T11:27:47","date_gmt":"2022-02-26T16:27:47","guid":{"rendered":"https:\/\/linitiative.ca\/International\/tanger-abritera-le-connect-aviation\/"},"modified":"2022-02-26T11:27:47","modified_gmt":"2022-02-26T16:27:47","slug":"tanger-abritera-le-connect-aviation","status":"publish","type":"post","link":"https:\/\/linitiative.ca\/International\/tanger-abritera-le-connect-aviation\/","title":{"rendered":"Tanger abritera le \u00ab Connect Aviation \u00bb"},"content":{"rendered":"<div>\n<div class=\"field field-name-body field-type-text-with-summary field-label-hidden\">\n<div class=\"field-items\">\n<div class=\"field-item even\" property=\"content:encoded\">\n<p class=\"rtejustify\">La 19\u00e8 \u00e9dition du salon international de l\u2019Aviation \u00ab Connect Aviation \u00bb se tiendra \u00e0 Tanger en f\u00e9vrier 2023, indique un communiqu\u00e9 conjoint de l\u2019Office national marocain du tourisme (ONMT) et l\u2019Office national des a\u00e9roports (ONDA).<\/p>\n<p class=\"rtejustify\">Les \u00e9quipes de l\u2019ONMT et de l\u2019ONDA se sont rendues cette semaine, \u00e0 Tampere, en Finlande, pour rencontrer les plus grandes compagnies a\u00e9riennes, lors du salon international de l\u2019Aviation \u00ab Connect Aviation \u00bb et annoncent que la prochaine \u00e9dition de ce salon se tiendra \u00e0 Tanger en f\u00e9vrier 2023.<\/p>\n<\/div>\n<\/div>\n<\/div>\n<\/div>\n<p>Auteur: mbasraoui<br \/>\n<a href=\"https:\/\/www.leconomiste.com\/flash-infos\/tanger-abritera-le-connect-aviation\">Cliquez ici pour lire l&rsquo;article depuis sa source.<\/a><\/p>\n","protected":false},"excerpt":{"rendered":"<p>La 19\u00e8 \u00e9dition du salon international de l\u2019Aviation \u00ab Connect Aviation \u00bb se tiendra \u00e0 Tanger en f\u00e9vrier 2023, indique un communiqu\u00e9 conjoint de l\u2019Office national marocain du tourisme (ONMT) et l\u2019Office national des a\u00e9roports (ONDA). Les \u00e9quipes de l\u2019ONMT et de l\u2019ONDA se sont rendues cette semaine, \u00e0 Tampere, en Finlande, pour rencontrer les [&hellip;]<\/p>\n","protected":false},"author":1763,"featured_media":0,"comment_status":"closed","ping_status":"closed","sticky":false,"template":"","format":"standard","meta":{"fifu_image_url":"","fifu_image_alt":"","footnotes":""},"categories":[78,54],"tags":[],"class_list":["post-141813","post","type-post","status-publish","format-standard","hentry","category-economie","category-maroc"],"_links":{"self":[{"href":"https:\/\/linitiative.ca\/International\/wp-json\/wp\/v2\/posts\/141813","targetHints":{"allow":["GET"]}}],"collection":[{"href":"https:\/\/linitiative.ca\/International\/wp-json\/wp\/v2\/posts"}],"about":[{"href":"https:\/\/linitiative.ca\/International\/wp-json\/wp\/v2\/types\/post"}],"author":[{"embeddable":true,"href":"https:\/\/linitiative.ca\/International\/wp-json\/wp\/v2\/users\/1763"}],"replies":[{"embeddable":true,"href":"https:\/\/linitiative.ca\/International\/wp-json\/wp\/v2\/comments?post=141813"}],"version-history":[{"count":0,"href":"https:\/\/linitiative.ca\/International\/wp-json\/wp\/v2\/posts\/141813\/revisions"}],"wp:attachment":[{"href":"https:\/\/linitiative.ca\/International\/wp-json\/wp\/v2\/media?parent=141813"}],"wp:term":[{"taxonomy":"category","embeddable":true,"href":"https:\/\/linitiative.ca\/International\/wp-json\/wp\/v2\/categories?post=141813"},{"taxonomy":"post_tag","embeddable":true,"href":"https:\/\/linitiative.ca\/International\/wp-json\/wp\/v2\/tags?post=141813"}],"curies":[{"name":"wp","href":"https:\/\/api.w.org\/{rel}","templated":true}]}}