{"id":141816,"date":"2022-02-26T14:21:00","date_gmt":"2022-02-26T19:21:00","guid":{"rendered":"https:\/\/linitiative.ca\/International\/benzema-sauveur-du-real-madrid-face-au-rayo-vallecano-video\/"},"modified":"2022-02-26T14:21:00","modified_gmt":"2022-02-26T19:21:00","slug":"benzema-sauveur-du-real-madrid-face-au-rayo-vallecano-video","status":"publish","type":"post","link":"https:\/\/linitiative.ca\/International\/benzema-sauveur-du-real-madrid-face-au-rayo-vallecano-video\/","title":{"rendered":"Benzema sauveur du Real Madrid face au Rayo Vallecano (Vid\u00e9o)"},"content":{"rendered":"<div>Alors que le score \u00e9tait de 0-0 entre les deux \u00e9quipes, Karim Benzema a lib\u00e9r\u00e9 le Real Madrid \u00e0 la 83e minute de jeu<\/div>\n<p>Auteur:<br \/>\n<a href=\"https:\/\/www.lebuteur.com\/article\/detail?titre=benzema-sauveur-du-real-madrid-face-au-rayo-vallecano-video&#038;id=102381\">Cliquez ici pour lire l&rsquo;article depuis sa source.<\/a><\/p>\n","protected":false},"excerpt":{"rendered":"<p>Alors que le score \u00e9tait de 0-0 entre les deux \u00e9quipes, Karim Benzema a lib\u00e9r\u00e9 le Real Madrid \u00e0 la 83e minute de jeu Auteur: Cliquez ici pour lire l&rsquo;article depuis sa source.<\/p>\n","protected":false},"author":1738,"featured_media":0,"comment_status":"closed","ping_status":"closed","sticky":false,"template":"","format":"standard","meta":{"fifu_image_url":"","fifu_image_alt":"","footnotes":""},"categories":[53,75],"tags":[],"class_list":["post-141816","post","type-post","status-publish","format-standard","hentry","category-algerie","category-sport"],"_links":{"self":[{"href":"https:\/\/linitiative.ca\/International\/wp-json\/wp\/v2\/posts\/141816","targetHints":{"allow":["GET"]}}],"collection":[{"href":"https:\/\/linitiative.ca\/International\/wp-json\/wp\/v2\/posts"}],"about":[{"href":"https:\/\/linitiative.ca\/International\/wp-json\/wp\/v2\/types\/post"}],"author":[{"embeddable":true,"href":"https:\/\/linitiative.ca\/International\/wp-json\/wp\/v2\/users\/1738"}],"replies":[{"embeddable":true,"href":"https:\/\/linitiative.ca\/International\/wp-json\/wp\/v2\/comments?post=141816"}],"version-history":[{"count":0,"href":"https:\/\/linitiative.ca\/International\/wp-json\/wp\/v2\/posts\/141816\/revisions"}],"wp:attachment":[{"href":"https:\/\/linitiative.ca\/International\/wp-json\/wp\/v2\/media?parent=141816"}],"wp:term":[{"taxonomy":"category","embeddable":true,"href":"https:\/\/linitiative.ca\/International\/wp-json\/wp\/v2\/categories?post=141816"},{"taxonomy":"post_tag","embeddable":true,"href":"https:\/\/linitiative.ca\/International\/wp-json\/wp\/v2\/tags?post=141816"}],"curies":[{"name":"wp","href":"https:\/\/api.w.org\/{rel}","templated":true}]}}