{"id":141818,"date":"2022-02-26T09:44:00","date_gmt":"2022-02-26T14:44:00","guid":{"rendered":"https:\/\/linitiative.ca\/International\/tahar-bekri-mohamed-fitouri-poete-arabo-africain\/"},"modified":"2022-02-26T09:44:00","modified_gmt":"2022-02-26T14:44:00","slug":"tahar-bekri-mohamed-fitouri-poete-arabo-africain","status":"publish","type":"post","link":"https:\/\/linitiative.ca\/International\/tahar-bekri-mohamed-fitouri-poete-arabo-africain\/","title":{"rendered":"Tahar Bekri : Mohamed Fitouri, po\u00e8te arabo-africain"},"content":{"rendered":"<div><img decoding=\"async\" src=\"https:\/\/linitiative.ca\/International\/wp-content\/uploads\/sites\/23\/2022\/02\/1645883987_article.jpg\" alt=\"Tahar Bekri : Mohamed Fitouri, po\u00e8te arabo-africain \" align=\"left\">Parmi les anomalies, encore persistantes, au sein des litt\u00e9ratures africaines, question de langues et de sp\u00e9cialit\u00e9s oblige, la m\u00e9connaissance regrettable des unes envers les autres, r\u00e9alit\u00e9 qui fausse amplement l\u2019histoire litt\u00e9raire du continent. Tel est le maillon manquant \u00e0 l\u2019approche de la question de la n\u00e9gritude, o\u00f9 l\u2019une de ses voix majeures, reste quasi ignor\u00e9e par nombre de critiques et de lecteurs francophones, tout simplement, parce qu\u2019elle s\u2019est exprim\u00e9e en arabe, je veux dire, le po\u00e8te soudano-libyen, Mohamed Fitouri.<br \/>\nMohamed Fitouri est n\u00e9 en 1936, au Darfour, au Soudan. Enfant, ses parents s\u2019\u00e9tablissent en Alexandrie o\u00f9 il fr\u00e9quente l\u2019\u00e9cole &#8230;<\/p>\n<\/div>\n<p>Auteur:<br \/>\n<a href=\"https:\/\/www.leaders.com.tn\/article\/33009-tahar-bekri-mohamed-fitouri-poete-arabo-africain\">Cliquez ici pour lire l&rsquo;article depuis sa source.<\/a><\/p>\n","protected":false},"excerpt":{"rendered":"<p>Parmi les anomalies, encore persistantes, au sein des litt\u00e9ratures africaines, question de langues et de sp\u00e9cialit\u00e9s oblige, la m\u00e9connaissance regrettable des unes envers les autres, r\u00e9alit\u00e9 qui fausse amplement l\u2019histoire litt\u00e9raire du continent. Tel est le maillon manquant \u00e0 l\u2019approche de la question de la n\u00e9gritude, o\u00f9 l\u2019une de ses voix majeures, reste quasi ignor\u00e9e [&hellip;]<\/p>\n","protected":false},"author":1772,"featured_media":0,"comment_status":"closed","ping_status":"closed","sticky":false,"template":"","format":"standard","meta":{"fifu_image_url":"http:\/\/www.leaders.com.tn\/uploads\/content\/thumbnails_small\/1645883987_article.jpg","fifu_image_alt":"Tahar Bekri : Mohamed Fitouri, po\u00e8te arabo-africain","footnotes":""},"categories":[73,55],"tags":[],"class_list":["post-141818","post","type-post","status-publish","format-standard","hentry","category-actualite","category-tunisie"],"_links":{"self":[{"href":"https:\/\/linitiative.ca\/International\/wp-json\/wp\/v2\/posts\/141818","targetHints":{"allow":["GET"]}}],"collection":[{"href":"https:\/\/linitiative.ca\/International\/wp-json\/wp\/v2\/posts"}],"about":[{"href":"https:\/\/linitiative.ca\/International\/wp-json\/wp\/v2\/types\/post"}],"author":[{"embeddable":true,"href":"https:\/\/linitiative.ca\/International\/wp-json\/wp\/v2\/users\/1772"}],"replies":[{"embeddable":true,"href":"https:\/\/linitiative.ca\/International\/wp-json\/wp\/v2\/comments?post=141818"}],"version-history":[{"count":0,"href":"https:\/\/linitiative.ca\/International\/wp-json\/wp\/v2\/posts\/141818\/revisions"}],"wp:attachment":[{"href":"https:\/\/linitiative.ca\/International\/wp-json\/wp\/v2\/media?parent=141818"}],"wp:term":[{"taxonomy":"category","embeddable":true,"href":"https:\/\/linitiative.ca\/International\/wp-json\/wp\/v2\/categories?post=141818"},{"taxonomy":"post_tag","embeddable":true,"href":"https:\/\/linitiative.ca\/International\/wp-json\/wp\/v2\/tags?post=141818"}],"curies":[{"name":"wp","href":"https:\/\/api.w.org\/{rel}","templated":true}]}}