{"id":141822,"date":"2022-02-26T16:13:14","date_gmt":"2022-02-26T21:13:14","guid":{"rendered":"https:\/\/linitiative.ca\/International\/caf-cl-al-ahly-battu-a-domicile-le-wydad-etrille-le-zamalek\/"},"modified":"2022-02-26T16:13:14","modified_gmt":"2022-02-26T21:13:14","slug":"caf-cl-al-ahly-battu-a-domicile-le-wydad-etrille-le-zamalek","status":"publish","type":"post","link":"https:\/\/linitiative.ca\/International\/caf-cl-al-ahly-battu-a-domicile-le-wydad-etrille-le-zamalek\/","title":{"rendered":"CAF CL : Al Ahly battu \u00e0 domicile, le Wydad \u00e9trille le Zamalek"},"content":{"rendered":"<div>\n<p>Une grande surprise ! Al Ahly et Ali Maaloul ont \u00e9t\u00e9 battus \u00e0 domicile par les sud-africains de Mamelodi Sundowns, pur le compte de la 3e journ\u00e9e du groupe A. A Casa, le 2e club \u00e9gyptien, le Zamalek a \u00e9t\u00e9 largement domin\u00e9 par les marocains du Wydad 3-1, pour la troisi\u00e8me journ\u00e9e du groupe D. [\u2026]<\/p>\n<p>L\u2019article <a href=\"https:\/\/sport.tunisienumerique.com\/caf-cl-al-ahly-battu-a-domicile-le-wydad-etrille-le-zamalek\/\">CAF CL : Al Ahly battu \u00e0 domicile, le Wydad \u00e9trille le Zamalek<\/a> est apparu en premier sur <a href=\"http:\/\/www.tunisienumerique.com\/\">Tunisie<\/a>.<\/p>\n<\/div>\n<p>Auteur: Hamza Ben Khlifa<br \/>\n<a href=\"https:\/\/sport.tunisienumerique.com\/caf-cl-al-ahly-battu-a-domicile-le-wydad-etrille-le-zamalek\/\">Cliquez ici pour lire l&rsquo;article depuis sa source.<\/a><\/p>\n","protected":false},"excerpt":{"rendered":"<p>Une grande surprise ! Al Ahly et Ali Maaloul ont \u00e9t\u00e9 battus \u00e0 domicile par les sud-africains de Mamelodi Sundowns, pur le compte de la 3e journ\u00e9e du groupe A. A Casa, le 2e club \u00e9gyptien, le Zamalek a \u00e9t\u00e9 largement domin\u00e9 par les marocains du Wydad 3-1, pour la troisi\u00e8me journ\u00e9e du groupe D. [&hellip;]<\/p>\n","protected":false},"author":1789,"featured_media":0,"comment_status":"closed","ping_status":"closed","sticky":false,"template":"","format":"standard","meta":{"fifu_image_url":"","fifu_image_alt":"","footnotes":""},"categories":[73,55],"tags":[],"class_list":["post-141822","post","type-post","status-publish","format-standard","hentry","category-actualite","category-tunisie"],"_links":{"self":[{"href":"https:\/\/linitiative.ca\/International\/wp-json\/wp\/v2\/posts\/141822","targetHints":{"allow":["GET"]}}],"collection":[{"href":"https:\/\/linitiative.ca\/International\/wp-json\/wp\/v2\/posts"}],"about":[{"href":"https:\/\/linitiative.ca\/International\/wp-json\/wp\/v2\/types\/post"}],"author":[{"embeddable":true,"href":"https:\/\/linitiative.ca\/International\/wp-json\/wp\/v2\/users\/1789"}],"replies":[{"embeddable":true,"href":"https:\/\/linitiative.ca\/International\/wp-json\/wp\/v2\/comments?post=141822"}],"version-history":[{"count":0,"href":"https:\/\/linitiative.ca\/International\/wp-json\/wp\/v2\/posts\/141822\/revisions"}],"wp:attachment":[{"href":"https:\/\/linitiative.ca\/International\/wp-json\/wp\/v2\/media?parent=141822"}],"wp:term":[{"taxonomy":"category","embeddable":true,"href":"https:\/\/linitiative.ca\/International\/wp-json\/wp\/v2\/categories?post=141822"},{"taxonomy":"post_tag","embeddable":true,"href":"https:\/\/linitiative.ca\/International\/wp-json\/wp\/v2\/tags?post=141822"}],"curies":[{"name":"wp","href":"https:\/\/api.w.org\/{rel}","templated":true}]}}