{"id":141826,"date":"2022-02-26T17:00:08","date_gmt":"2022-02-26T22:00:08","guid":{"rendered":"https:\/\/linitiative.ca\/International\/tunisie-evacuation-demain-de-250-tunisiens-dukraine-vers-la-pologne\/"},"modified":"2022-02-26T17:00:08","modified_gmt":"2022-02-26T22:00:08","slug":"tunisie-evacuation-demain-de-250-tunisiens-dukraine-vers-la-pologne","status":"publish","type":"post","link":"https:\/\/linitiative.ca\/International\/tunisie-evacuation-demain-de-250-tunisiens-dukraine-vers-la-pologne\/","title":{"rendered":"Tunisie \u2013 Evacuation, demain, de 250 tunisiens d\u2019Ukraine vers la Pologne"},"content":{"rendered":"<div>\n<p>Le membre de la cellule de crise install\u00e9e en Ukraine, Mohamed Amine Mathlouthi, a d\u00e9clar\u00e9, ce soir sur la t\u00e9l\u00e9vision nationale, que les tunisiens en Ukraine vont bien, et qu\u2019aucune victime n\u2019est \u00e0 d\u00e9plorer parmi eux. Il a ajout\u00e9 que la cellule de crise est en train de coordonner avec les autorit\u00e9s, afin d\u2019\u00e9vacuer les [\u2026]<\/p>\n<p>L\u2019article <a href=\"https:\/\/www.tunisienumerique.com\/tunisie-evacuation-demain-de-250-tunisiens-dukraine-vers-la-pologne\/\">Tunisie \u2013 Evacuation, demain, de 250 tunisiens d\u2019Ukraine vers la Pologne<\/a> est apparu en premier sur <a href=\"http:\/\/www.tunisienumerique.com\/\">Tunisie<\/a>.<\/p>\n<\/div>\n<p>Auteur: LM<br \/>\n<a href=\"https:\/\/www.tunisienumerique.com\/tunisie-evacuation-demain-de-250-tunisiens-dukraine-vers-la-pologne\/\">Cliquez ici pour lire l&rsquo;article depuis sa source.<\/a><\/p>\n","protected":false},"excerpt":{"rendered":"<p>Le membre de la cellule de crise install\u00e9e en Ukraine, Mohamed Amine Mathlouthi, a d\u00e9clar\u00e9, ce soir sur la t\u00e9l\u00e9vision nationale, que les tunisiens en Ukraine vont bien, et qu\u2019aucune victime n\u2019est \u00e0 d\u00e9plorer parmi eux. Il a ajout\u00e9 que la cellule de crise est en train de coordonner avec les autorit\u00e9s, afin d\u2019\u00e9vacuer les [&hellip;]<\/p>\n","protected":false},"author":1789,"featured_media":0,"comment_status":"closed","ping_status":"closed","sticky":false,"template":"","format":"standard","meta":{"fifu_image_url":"","fifu_image_alt":"","footnotes":""},"categories":[73,55],"tags":[],"class_list":["post-141826","post","type-post","status-publish","format-standard","hentry","category-actualite","category-tunisie"],"_links":{"self":[{"href":"https:\/\/linitiative.ca\/International\/wp-json\/wp\/v2\/posts\/141826","targetHints":{"allow":["GET"]}}],"collection":[{"href":"https:\/\/linitiative.ca\/International\/wp-json\/wp\/v2\/posts"}],"about":[{"href":"https:\/\/linitiative.ca\/International\/wp-json\/wp\/v2\/types\/post"}],"author":[{"embeddable":true,"href":"https:\/\/linitiative.ca\/International\/wp-json\/wp\/v2\/users\/1789"}],"replies":[{"embeddable":true,"href":"https:\/\/linitiative.ca\/International\/wp-json\/wp\/v2\/comments?post=141826"}],"version-history":[{"count":0,"href":"https:\/\/linitiative.ca\/International\/wp-json\/wp\/v2\/posts\/141826\/revisions"}],"wp:attachment":[{"href":"https:\/\/linitiative.ca\/International\/wp-json\/wp\/v2\/media?parent=141826"}],"wp:term":[{"taxonomy":"category","embeddable":true,"href":"https:\/\/linitiative.ca\/International\/wp-json\/wp\/v2\/categories?post=141826"},{"taxonomy":"post_tag","embeddable":true,"href":"https:\/\/linitiative.ca\/International\/wp-json\/wp\/v2\/tags?post=141826"}],"curies":[{"name":"wp","href":"https:\/\/api.w.org\/{rel}","templated":true}]}}