{"id":141827,"date":"2022-02-26T09:39:02","date_gmt":"2022-02-26T14:39:02","guid":{"rendered":"https:\/\/linitiative.ca\/International\/lutte-contre-lextremisme-violent-en-afrique-le-colloque-dabidjan-prone-le-dialogue-inter-religieux\/"},"modified":"2022-02-26T09:39:02","modified_gmt":"2022-02-26T14:39:02","slug":"lutte-contre-lextremisme-violent-en-afrique-le-colloque-dabidjan-prone-le-dialogue-inter-religieux","status":"publish","type":"post","link":"https:\/\/linitiative.ca\/International\/lutte-contre-lextremisme-violent-en-afrique-le-colloque-dabidjan-prone-le-dialogue-inter-religieux\/","title":{"rendered":"Lutte contre l\u2019extr\u00e9misme violent\u00a0en Afrique: Le colloque d\u2019Abidjan pr\u00f4ne le  dialogue inter-religieux"},"content":{"rendered":"<div>\n<p><strong>Les travaux du colloque international du dialogue inter-religieux ont pris fin, le vendredi 25 f\u00e9vrier 2022, \u00e0 Abidjan en R\u00e9publique de C\u00f4te d\u2019Ivoire avec \u00e0 la cl\u00e9 la \u00ab\u00a0D<em>\u00e9claration de paix<\/em>\u00a0\u00bb pr\u00f4nant la coop\u00e9ration panafricaine entre religions comme une des alternatives \u00e0 la lutte contre l\u2019extr\u00e9misme religieux violent.<\/strong><\/p>\n<p>Face \u00e0 la mont\u00e9e de l\u2019extr\u00e9misme violent dans certaines r\u00e9gions de l\u2019Afrique, des experts et religieux de la R\u00e9publique de C\u00f4te d\u2019Ivoire et d\u2019Afrique pr\u00e9conisent la coop\u00e9ration panafricaine entre religions. R\u00e9unis \u00e0 Abidjan, \u00e0 l\u2019occasion du colloque international du dialogue inter-religieux, tenu les 23, 24 et 25 f\u00e9vrier 2022, ils ont formul\u00e9 cette recommandation dans la d\u00e9claration finale dite \u00ab\u00a0<em>D\u00e9claration d\u2019Abidjan<\/em>\u00a0\u00bb, adopt\u00e9e unanimement au termes des travaux. Pour le pr\u00e9sident de la section ivoirienne de la Fondation Mohamed VI des Oul\u00e9mas africains (FM6OA) par ailleurs Khalife g\u00e9n\u00e9ral de la Tidjania en R\u00e9publique de C\u00f4te d\u2019Ivoire, Cheikh Moustapha Sonta, qui a rendu publique ladite \u2018\u2019D\u00e9claration\u2019\u2019, il s\u2019agit d\u2019un \u00ab\u00a0<em>besoin urgent<\/em>\u00a0\u00bb pour faire face aux crises multiples secouant le continent aussi bien sur le plan social qu\u2019alimentaire, environnemental et \u00e9conomique.<\/p>\n<p>Pour promouvoir le vivre ensemble harmonieux \u00e9galement, la culture de l\u2019union, la solidarit\u00e9, la fraternit\u00e9 et le dialogue entre les forces vives des pays africains est aussi souhait\u00e9, a ajout\u00e9 le Cheikh Sonta. Les participants au colloque, signataires de la \u00ab\u00a0<em>D\u00e9claration d\u2019Abidjan<\/em>\u00a0\u00bb, se sont engag\u00e9s pour leur part \u00e0 instaurer le dialogue propice au vivre-ensemble entre toutes les religions.\u00a0 \u00ab\u00a0<em>Ils prennent unanimement acte de leur condamnation, avec la plus grande vigueur, de tous les discours de haine et de discrimination, et tout acte de violence, quelle que soit la provenance<\/em>\u00a0\u00bb, a annonc\u00e9 Cheikh Sonta, \u00e0 la lecture du texte final.<\/p>\n<p>Concernant le volet environnemental, les experts et religieux ont, entre autres, d\u00e9cid\u00e9 de pr\u00f4ner \u00ab\u00a0<em>l\u2019\u00e9thique de la responsabilit\u00e9 pour se mobiliser et faire face aux changements climatiques n\u00e9fastes<\/em>\u00a0\u00bb et \u00ab\u00a0<em>consentir \u00e0 des sacrifices significatifs pour le bien des g\u00e9n\u00e9rations futures<\/em>\u00a0\u00bb, a confi\u00e9 le pr\u00e9sident de la section ivoirienne de FM6OA.<\/p>\n<p>\u00a0<\/p>\n<p><strong>La culture de la paix<\/strong><\/p>\n<p>\u00a0<\/p>\n<p>Avant l\u2019adoption de la d\u00e9claration finale, des recommandations ont \u00e9t\u00e9 aussi formul\u00e9es dans le cadre de la promotion du dialogue intra et inter-religieux.\u00a0 L\u2019Enseignant-chercheur \u00e0 l\u2019universit\u00e9 de l\u2019Alliance chr\u00e9tienne d\u2019Abidjan, par ailleurs pr\u00e9sident de la Conf\u00e9rence des Pr\u00e9sidents de la F\u00e9d\u00e9ration \u00e9vang\u00e9lique de C\u00f4te d\u2019Ivoire, Dr No\u00ebl N\u2019Guessan, a \u00e9num\u00e9r\u00e9, entre autres, la sensibilisation des familles africaines en vue de prot\u00e9ger leurs patrimoines culturels et transmettre les valeurs de paix et d\u2019amour \u00e0 leurs enfants, la mise en place d\u2019\u00e9coles et d\u2019institutions multiconfessionnelles pour harmoniser les connaissances et la compr\u00e9hension de religions par les croyants et la cr\u00e9ation de points focaux de veille et de dialogue dans les quartiers pour pr\u00e9venir et d\u00e9samorcer les conflits.<\/p>\n<p>Se f\u00e9licitant de la \u00ab\u00a0<em>r\u00e9ussite<\/em>\u00a0\u00bb du colloque, le ministre de l\u2019Int\u00e9rieur et de la S\u00e9curit\u00e9 de la R\u00e9publique de C\u00f4te d\u2019Ivoire, Vagondo Diomand\u00e9, a souhait\u00e9 que les recommandations trouvent une oreille attentive aupr\u00e8s des peuples et Etats africains. C\u2019est aussi le v\u0153u du pr\u00e9sident du Conseil sup\u00e9rieur des Imams, Mosqu\u00e9es et Affaires islamiques (COSIM) de la C\u00f4te d\u2019Ivoire, cheikhoul A\u00efma Ousmane Diakit\u00e9 et du secr\u00e9taire g\u00e9n\u00e9ral de la FM6OA, Dr SI Mohamed Rifki qui ont f\u00e9licit\u00e9 les participants pour leurs diff\u00e9rentes propositions et engagements en faveur de la paix et du dialogue religieux.<\/p>\n<p>La tenue du colloque d\u2019Abidjan est une initiative de la Fondation Mohammed VI des Oul\u00e9mas africains, en collaboration avec le COSIM. Plus de 600 participants ont pris part \u00e0 la rencontre dont une d\u00e9l\u00e9gation de la section burkinab\u00e8 de la FM6OA conduite par son pr\u00e9sident, Dr cheick Aboubacar Doucour\u00e9.<\/p>\n<p>\u00a0<\/p>\n<p><strong>Mamady ZANGO<\/strong><\/p>\n<p><strong>mzango18 @gmail.com<\/strong><\/p>\n<p>L\u2019article <a rel=\"nofollow\" href=\"https:\/\/www.sidwaya.info\/blog\/2022\/02\/26\/lutte-contre-lextremisme-violent-en-afrique-le-dialogue-inter-religieux-prone\/\">Lutte contre l\u2019extr\u00e9misme violent\u00a0en Afrique: Le colloque d\u2019Abidjan pr\u00f4ne le  dialogue inter-religieux<\/a> est apparu en premier sur <a rel=\"nofollow\" href=\"https:\/\/www.sidwaya.info\/\">Quotidien Sidwaya<\/a>.<\/p>\n<\/div>\n<p>Auteur: BS. Sidwaya<br \/>\n<a href=\"https:\/\/www.sidwaya.info\/blog\/2022\/02\/26\/lutte-contre-lextremisme-violent-en-afrique-le-dialogue-inter-religieux-prone\/?utm_source=rss&#038;utm_medium=rss&#038;utm_campaign=lutte-contre-lextremisme-violent-en-afrique-le-dialogue-inter-religieux-prone\">Cliquez ici pour lire l&rsquo;article depuis sa source.<\/a><\/p>\n","protected":false},"excerpt":{"rendered":"<p>Les travaux du colloque international du dialogue inter-religieux ont pris fin, le vendredi 25 f\u00e9vrier 2022, \u00e0 Abidjan en R\u00e9publique de C\u00f4te d\u2019Ivoire avec \u00e0 la cl\u00e9 la \u00ab\u00a0D\u00e9claration de paix\u00a0\u00bb pr\u00f4nant la coop\u00e9ration panafricaine entre religions comme une des alternatives \u00e0 la lutte contre l\u2019extr\u00e9misme religieux violent. Face \u00e0 la mont\u00e9e de l\u2019extr\u00e9misme violent [&hellip;]<\/p>\n","protected":false},"author":1816,"featured_media":0,"comment_status":"closed","ping_status":"closed","sticky":false,"template":"","format":"standard","meta":{"fifu_image_url":"","fifu_image_alt":"","footnotes":""},"categories":[73,81],"tags":[],"class_list":["post-141827","post","type-post","status-publish","format-standard","hentry","category-actualite","category-burkina-faso"],"_links":{"self":[{"href":"https:\/\/linitiative.ca\/International\/wp-json\/wp\/v2\/posts\/141827","targetHints":{"allow":["GET"]}}],"collection":[{"href":"https:\/\/linitiative.ca\/International\/wp-json\/wp\/v2\/posts"}],"about":[{"href":"https:\/\/linitiative.ca\/International\/wp-json\/wp\/v2\/types\/post"}],"author":[{"embeddable":true,"href":"https:\/\/linitiative.ca\/International\/wp-json\/wp\/v2\/users\/1816"}],"replies":[{"embeddable":true,"href":"https:\/\/linitiative.ca\/International\/wp-json\/wp\/v2\/comments?post=141827"}],"version-history":[{"count":0,"href":"https:\/\/linitiative.ca\/International\/wp-json\/wp\/v2\/posts\/141827\/revisions"}],"wp:attachment":[{"href":"https:\/\/linitiative.ca\/International\/wp-json\/wp\/v2\/media?parent=141827"}],"wp:term":[{"taxonomy":"category","embeddable":true,"href":"https:\/\/linitiative.ca\/International\/wp-json\/wp\/v2\/categories?post=141827"},{"taxonomy":"post_tag","embeddable":true,"href":"https:\/\/linitiative.ca\/International\/wp-json\/wp\/v2\/tags?post=141827"}],"curies":[{"name":"wp","href":"https:\/\/api.w.org\/{rel}","templated":true}]}}