{"id":141828,"date":"2022-02-26T11:29:01","date_gmt":"2022-02-26T16:29:01","guid":{"rendered":"https:\/\/linitiative.ca\/International\/burkina-nous-allons-determiner-de-maniere-responsable-la-duree-de-la-transition-le-lieutenant-colonel-naon-daba\/"},"modified":"2022-02-26T11:29:01","modified_gmt":"2022-02-26T16:29:01","slug":"burkina-nous-allons-determiner-de-maniere-responsable-la-duree-de-la-transition-le-lieutenant-colonel-naon-daba","status":"publish","type":"post","link":"https:\/\/linitiative.ca\/International\/burkina-nous-allons-determiner-de-maniere-responsable-la-duree-de-la-transition-le-lieutenant-colonel-naon-daba\/","title":{"rendered":"Burkina: \u00ab\u00a0Nous allons d\u00e9terminer de mani\u00e8re responsable la dur\u00e9e de la transition\u00a0\u2026\u00bb, le Lieutenant-Colonel Naon DABA."},"content":{"rendered":"<div>\n<p><strong>Le Lieutenant-Colonel Naon DABA du Mouvement patriotique pour la sauvegarde et la restauration (MPSR) \u00a0a anim\u00e9 une conf\u00e9rence de presse ce samedi 26 f\u00e9vrier 2022, sur \u00a0l\u2019adoption des textes de la transition et l\u2019investiture du pr\u00e9sident de la transition pr\u00e9vue pour le 28 f\u00e9vrier 2022.<\/strong><\/p>\n<p>Les assises nationales \u00a0se tiendront le lundi 28 f\u00e9vrier 2022. Elles regrouperont selon le conf\u00e9rencier toutes les forces vives de la Nation et les repr\u00e9sentants des personnes d\u00e9plac\u00e9es Internes. Quant \u00e0 la dur\u00e9e de la transition, elle \u00a0sera d\u00e9finie lors de ces assises nationales. \u00a0\u00ab\u00a0Nous allons d\u00e9terminer de mani\u00e8re responsable la dur\u00e9e de la transition\u00bb, a indiqu\u00e9 le Lieutenant-Colonel Naon DABA.<\/p>\n<p>Sur le plan de la lutte contre le terrorisme, il a affirm\u00e9 que beaucoup d\u2019actions sont entreprises pour contrer l\u2019hydre terroriste.<\/p>\n<p>Nous y reviendrons!<\/p>\n<p>\u00a0<\/p>\n<p>R\u00e9daction<\/p>\n<p>\u00a0<\/p>\n<p>\u00a0<\/p>\n<p>L\u2019article <a rel=\"nofollow\" href=\"https:\/\/www.sidwaya.info\/blog\/2022\/02\/26\/burkina-nous-allons-determiner-de-maniere-responsable-la-duree-de-la-transition-le-lieutenant-colonel-naon-daba\/\">Burkina: \u00ab\u00a0Nous allons d\u00e9terminer de mani\u00e8re responsable la dur\u00e9e de la transition\u00a0\u2026\u00bb, le Lieutenant-Colonel Naon DABA.<\/a> est apparu en premier sur <a rel=\"nofollow\" href=\"https:\/\/www.sidwaya.info\/\">Quotidien Sidwaya<\/a>.<\/p>\n<\/div>\n<p>Auteur: BS. Sidwaya<br \/>\n<a href=\"https:\/\/www.sidwaya.info\/blog\/2022\/02\/26\/burkina-nous-allons-determiner-de-maniere-responsable-la-duree-de-la-transition-le-lieutenant-colonel-naon-daba\/?utm_source=rss&#038;utm_medium=rss&#038;utm_campaign=burkina-nous-allons-determiner-de-maniere-responsable-la-duree-de-la-transition-le-lieutenant-colonel-naon-daba\">Cliquez ici pour lire l&rsquo;article depuis sa source.<\/a><\/p>\n","protected":false},"excerpt":{"rendered":"<p>Le Lieutenant-Colonel Naon DABA du Mouvement patriotique pour la sauvegarde et la restauration (MPSR) \u00a0a anim\u00e9 une conf\u00e9rence de presse ce samedi 26 f\u00e9vrier 2022, sur \u00a0l\u2019adoption des textes de la transition et l\u2019investiture du pr\u00e9sident de la transition pr\u00e9vue pour le 28 f\u00e9vrier 2022. Les assises nationales \u00a0se tiendront le lundi 28 f\u00e9vrier 2022. [&hellip;]<\/p>\n","protected":false},"author":1816,"featured_media":0,"comment_status":"closed","ping_status":"closed","sticky":false,"template":"","format":"standard","meta":{"fifu_image_url":"","fifu_image_alt":"","footnotes":""},"categories":[73,81],"tags":[],"class_list":["post-141828","post","type-post","status-publish","format-standard","hentry","category-actualite","category-burkina-faso"],"_links":{"self":[{"href":"https:\/\/linitiative.ca\/International\/wp-json\/wp\/v2\/posts\/141828","targetHints":{"allow":["GET"]}}],"collection":[{"href":"https:\/\/linitiative.ca\/International\/wp-json\/wp\/v2\/posts"}],"about":[{"href":"https:\/\/linitiative.ca\/International\/wp-json\/wp\/v2\/types\/post"}],"author":[{"embeddable":true,"href":"https:\/\/linitiative.ca\/International\/wp-json\/wp\/v2\/users\/1816"}],"replies":[{"embeddable":true,"href":"https:\/\/linitiative.ca\/International\/wp-json\/wp\/v2\/comments?post=141828"}],"version-history":[{"count":0,"href":"https:\/\/linitiative.ca\/International\/wp-json\/wp\/v2\/posts\/141828\/revisions"}],"wp:attachment":[{"href":"https:\/\/linitiative.ca\/International\/wp-json\/wp\/v2\/media?parent=141828"}],"wp:term":[{"taxonomy":"category","embeddable":true,"href":"https:\/\/linitiative.ca\/International\/wp-json\/wp\/v2\/categories?post=141828"},{"taxonomy":"post_tag","embeddable":true,"href":"https:\/\/linitiative.ca\/International\/wp-json\/wp\/v2\/tags?post=141828"}],"curies":[{"name":"wp","href":"https:\/\/api.w.org\/{rel}","templated":true}]}}