{"id":141829,"date":"2022-02-26T14:18:36","date_gmt":"2022-02-26T19:18:36","guid":{"rendered":"https:\/\/linitiative.ca\/International\/assises-nationales-de-la-transition-le-mpsr-est-dans-un-processus-inclusif\/"},"modified":"2022-02-26T14:18:36","modified_gmt":"2022-02-26T19:18:36","slug":"assises-nationales-de-la-transition-le-mpsr-est-dans-un-processus-inclusif","status":"publish","type":"post","link":"https:\/\/linitiative.ca\/International\/assises-nationales-de-la-transition-le-mpsr-est-dans-un-processus-inclusif\/","title":{"rendered":"Assises nationales de la Transition : le MPSR est dans un processus inclusif"},"content":{"rendered":"<div>\n<p><strong>Le lieutenant-colonel, Daba Naon a anim\u00e9, une conf\u00e9rence de presse, le samedi 26 f\u00e9vrier 2022, \u00e0 Ouagadougou. L\u2019adoption de la Charte et l\u2019investiture du pr\u00e9sident du Faso ont \u00e9t\u00e9 les principaux points abord\u00e9s.<\/strong><\/p>\n<p>Le processus de Transition enclench\u00e9 depuis la chute de l\u2019ex pr\u00e9sident, Roch Kabor\u00e9 va conna\u00eetre une \u00e9tape d\u00e9cisive, le lundi 28 f\u00e9vrier prochain. Apr\u00e8s deux semaines de travaux, les conclusions, de la commission technique ind\u00e9pendante charg\u00e9e de proposer un projet de texte et un agenda de la Transition, remis le 23 f\u00e9vrier au pr\u00e9sident du Faso, Paul Henri Damiba seront examin\u00e9s et valider, lors des assises nationales, ce m\u00eame jour dans la capitale burkinab\u00e8. Concr\u00e8tement, les participants aux assises auront la charge d\u2019ausculter, la Charte constitutionnelle de la Transition, l\u2019agenda de la Transition et la Charte des valeurs de la Transition qui seront soumis \u00e0 leur appr\u00e9ciation. Lors du point de presse anim\u00e9 par le lieutenant-colonel, Daba Naon, membre du Mouvement patriotique pour la sauvegarde et la restauration (MPSR), le samedi 26 f\u00e9vrier, il a indiqu\u00e9 que ce document servira de guide aux actions \u00e0 entreprendre pour conduire le pays vers des \u00e9lections libres et transparentes. \u00ab Les travaux consisteront \u00e0 l\u2019examen et \u00e0 l\u2019adoption de la Charte constitutionnelle de la Transition, l\u2019agenda de la Transition et la Charte des valeurs de la Transition, la d\u00e9signation du pr\u00e9sident de la Transition et son investiture \u00bb, a explicit\u00e9 M. Naon. Il a \u00e9galement soutenu que ce processus qui se veut consensuelle va r\u00e9unir les forces vives de la nation et s\u2019inscrit dans la logique du Pr\u00e9sident du MPSR de prendre en compte les aspirations profondes du peuple pour que l\u2019\u0153uvre de refondation soit collective et inclusive.<br \/>\nLors de son face \u00e0 face avec les journalistes, ces derniers n\u2019ont pas tari de questions. La d\u00e9signation du pr\u00e9sident du Faso sera-t-elle diff\u00e9rent du pr\u00e9sident de la Transition ?<br \/>\nLe lieutenant-colonel, Naon a expliqu\u00e9 qu\u2019en prenant en compte les travaux de la commission technique, et \u00e0 l\u2019issue des larges consultations des forces vives, le Pr\u00e9sident du Faso sera le Pr\u00e9sident de la Transition. En cas d\u2019adoption de la Charte que deviendra l\u2019acte fondamental de la Constitution ? A cette pr\u00e9occupation, il a dit clairement que l\u2019acte fondamental disposait que lorsque la Charte de la Transition sera adopt\u00e9, l\u2019acte fondamental dispara\u00eet. Pensez-vous qu\u2019en 8 heures de temps que vont durer ces assises, l\u2019on peut amender et valider un document aussi important ?<br \/>\nDaba Naon a r\u00e9pondu par l\u2019affirmation. Il a rappel\u00e9 que pour permettre aux participants de bien prendre connaissance du document, ces derniers ont \u00e9t\u00e9 convi\u00e9s de r\u00e9cup\u00e9rer les copies de la Charte d\u00e8s dimanche au secr\u00e9tariat de la salle de conf\u00e9rence internationale de Ouaga 2000. \u00ab Donc, les participants auront largement le temps de consulter le document avant leur participation aux assises \u00bb, a-t-il signifi\u00e9. Avec ce d\u00e9lai tr\u00e8s court pour consulter la Charte, pensez-vous pas que la signature du document sera une formalit\u00e9 o\u00f9 les participants n\u2019auront pas le temps d\u2019\u00e9piloguer sur le rapport des travaux de la commission ?<br \/>\nDaba Naon a estim\u00e9 que \u00ab toutes les propositions des Burkinab\u00e8 de l\u2019int\u00e9rieur et de la diaspora ont \u00e9t\u00e9 prises en compte dans le rapport remis au chef de l\u2019Etat. Dans l\u2019\u00e9laboration des textes pouvant conduire \u00e0 une Transition apais\u00e9e, l\u2019ensemble des forces vives ont \u00e9t\u00e9 consult\u00e9es. Pr\u00e8s de 9000 contributions en une semaine. Globalement nous pensons que cette 2e \u00e9tape de consultation des forces vives nous permettra de prendre en compte des recommandations suppl\u00e9mentaires afin de garantir que le document est inclusif, et permet au Burkina de faire de grands pas \u00bb. Qui sera le garant de cette Charte en cas de son adoption ? Les forces vives seront les garants de cette Charte et de ce qu\u2019elles auront d\u00e9cid\u00e9, a pr\u00e9cis\u00e9 le lieutenant-colonel. A la question de savoir quelle sera la dur\u00e9e de la Transition, il a insist\u00e9 que toutes les questions int\u00e9ressants, la vie nationale ont fait l\u2019objet de long d\u00e9bat de la commission technique. \u00ab De fa\u00e7on responsable, \u00e0 l\u2019issue des assises, une dur\u00e9e raisonnable sera d\u00e9termin\u00e9e, et permettra d\u2019aboutir \u00e0 un ordre constitutionnel normal dans un climat apais\u00e9. Je ne peux pas donner de dur\u00e9e pr\u00e9cise puisque c\u2019est consign\u00e9 dans la Charte qui sera en d\u00e9bat lors des assises. La commission, nous a dit qu\u2019il nous faut environ deux ans. Deux ans, n\u2019est pas une dur\u00e9e fig\u00e9e. Ils requi\u00e8rent un certain nombre de pr\u00e9alable \u00bb, a justifi\u00e9 M. Naon. Pourquoi vous vous attardez sur toutes ces formalit\u00e9s au lieu de vous int\u00e9resser \u00e0 la question s\u00e9curitaire qui vous a amen\u00e9 \u00e0 prendre le pouvoir ? Daba Naon a affirm\u00e9 que le MPSR est dans un processus inclusif qui vise \u00e0 permettre \u00e0 tous les Burkinab\u00e8 de toutes les sensibilit\u00e9s possibles d\u2019adh\u00e9rer au projet qui est en cours afin que nous ne partions plus en rang dispers\u00e9 pour recouvrer l\u2019int\u00e9grit\u00e9 du territoire national. Pour Daba Naon, la lutte contre le terrorisme est assez complexe elle a besoin de tous les acteurs. \u00ab Nous devons nous entendre sur l\u2019essentiel pour pouvoir gagner cette guerre. Si, nous ne nous entendons pas, partons en rang disperser, nous assurons la garantie de ne jamais gagner cette guerre. Proc\u00e9der comme nous sommes en train de le faire participe de tous les pr\u00e9alables qu\u2019il faut prendre en compte pour in fine aboutir \u00e0 ce qui a amen\u00e9 le MPSR dans sa posture actuelle, c\u2019est-\u00e0-dire, une mission claire de reconqu\u00e9rir le territoire et de permettre aux Burkinab\u00e8 qui ont \u00e9t\u00e9 oblig\u00e9s par cette situation de se retrouver comme des formes d\u2019\u00e9trangers sur leur territoire \u00bb, a-t-il estim\u00e9. Vous estimez qu\u2019il vous faut combien de temps pour ramener la qui\u00e9tude au pays ? Il a indiqu\u00e9 que \u00ab nous sommes dans cette lutte depuis longtemps. Les acquis, nous allons les renforcer, les lacunes et gaps, nous allons les combl\u00e9s, mais avec toutes les forces. Quand nous aurons progressivement atteints une certaine mont\u00e9e en puissance, nous pourrons garantir que les pans de notre territoire qui sont occup\u00e9s par l\u2019adversaire seront r\u00e9cup\u00e9rer afin de permette aux d\u00e9plac\u00e9s de revenir sur leur terre \u00bb. Est-ce que vous entendez les cris de d\u00e9tresse des populations de Djibo et des attaques qui se poursuivent sur le territoire national ?<br \/>\n\u00ab Oui, nous entendons leur cri de c\u0153ur. Nous faisons beaucoup de choses. L\u2019av\u00e8nement du MPSR, le 24 janvier ne signifie pas la fin du terrorisme le 25 janvier 2022. C\u2019est un processus et c\u2019est avec tout le monde. C\u2019est pourquoi, ces assises constitueront le socle fondamental \u00e0 partir desquelles nous garantirons la victoire \u00bb, est convaincu Daba Naon.<\/p>\n<p>Abdel Aziz NABALOUM<\/p>\n<p>\u00a0<\/p>\n<p>L\u2019article <a rel=\"nofollow\" href=\"https:\/\/www.sidwaya.info\/blog\/2022\/02\/26\/assises-nationales-de-la-transition-le-mpsr-est-dans-un-processus-inclusif\/\">Assises nationales de la Transition : le MPSR est dans un processus inclusif<\/a> est apparu en premier sur <a rel=\"nofollow\" href=\"https:\/\/www.sidwaya.info\/\">Quotidien Sidwaya<\/a>.<\/p>\n<\/div>\n<p>Auteur: BS. Sidwaya<br \/>\n<a href=\"https:\/\/www.sidwaya.info\/blog\/2022\/02\/26\/assises-nationales-de-la-transition-le-mpsr-est-dans-un-processus-inclusif\/?utm_source=rss&#038;utm_medium=rss&#038;utm_campaign=assises-nationales-de-la-transition-le-mpsr-est-dans-un-processus-inclusif\">Cliquez ici pour lire l&rsquo;article depuis sa source.<\/a><\/p>\n","protected":false},"excerpt":{"rendered":"<p>Le lieutenant-colonel, Daba Naon a anim\u00e9, une conf\u00e9rence de presse, le samedi 26 f\u00e9vrier 2022, \u00e0 Ouagadougou. L\u2019adoption de la Charte et l\u2019investiture du pr\u00e9sident du Faso ont \u00e9t\u00e9 les principaux points abord\u00e9s. Le processus de Transition enclench\u00e9 depuis la chute de l\u2019ex pr\u00e9sident, Roch Kabor\u00e9 va conna\u00eetre une \u00e9tape d\u00e9cisive, le lundi 28 f\u00e9vrier [&hellip;]<\/p>\n","protected":false},"author":1816,"featured_media":0,"comment_status":"closed","ping_status":"closed","sticky":false,"template":"","format":"standard","meta":{"fifu_image_url":"","fifu_image_alt":"","footnotes":""},"categories":[73,81],"tags":[],"class_list":["post-141829","post","type-post","status-publish","format-standard","hentry","category-actualite","category-burkina-faso"],"_links":{"self":[{"href":"https:\/\/linitiative.ca\/International\/wp-json\/wp\/v2\/posts\/141829","targetHints":{"allow":["GET"]}}],"collection":[{"href":"https:\/\/linitiative.ca\/International\/wp-json\/wp\/v2\/posts"}],"about":[{"href":"https:\/\/linitiative.ca\/International\/wp-json\/wp\/v2\/types\/post"}],"author":[{"embeddable":true,"href":"https:\/\/linitiative.ca\/International\/wp-json\/wp\/v2\/users\/1816"}],"replies":[{"embeddable":true,"href":"https:\/\/linitiative.ca\/International\/wp-json\/wp\/v2\/comments?post=141829"}],"version-history":[{"count":0,"href":"https:\/\/linitiative.ca\/International\/wp-json\/wp\/v2\/posts\/141829\/revisions"}],"wp:attachment":[{"href":"https:\/\/linitiative.ca\/International\/wp-json\/wp\/v2\/media?parent=141829"}],"wp:term":[{"taxonomy":"category","embeddable":true,"href":"https:\/\/linitiative.ca\/International\/wp-json\/wp\/v2\/categories?post=141829"},{"taxonomy":"post_tag","embeddable":true,"href":"https:\/\/linitiative.ca\/International\/wp-json\/wp\/v2\/tags?post=141829"}],"curies":[{"name":"wp","href":"https:\/\/api.w.org\/{rel}","templated":true}]}}