{"id":141830,"date":"2022-02-26T05:18:03","date_gmt":"2022-02-26T10:18:03","guid":{"rendered":"https:\/\/linitiative.ca\/International\/economie-et-politique-au-menu-des-quotidiens-et-hebdomadaires-marocains\/"},"modified":"2022-02-26T05:18:03","modified_gmt":"2022-02-26T10:18:03","slug":"economie-et-politique-au-menu-des-quotidiens-et-hebdomadaires-marocains","status":"publish","type":"post","link":"https:\/\/linitiative.ca\/International\/economie-et-politique-au-menu-des-quotidiens-et-hebdomadaires-marocains\/","title":{"rendered":"Economie et politique au menu des quotidiens et hebdomadaires marocains"},"content":{"rendered":"<div>\n<p><img decoding=\"async\" width=\"287\" height=\"176\" src=\"https:\/\/linitiative.ca\/International\/wp-content\/uploads\/sites\/23\/2022\/02\/16458706833187.jpg\" class=\"attachment-post-thumbnail size-post-thumbnail wp-post-image\" alt=\"\" loading=\"lazy\"><\/p>\n<p>Les enjeux de la r\u00e9forme de l&rsquo;imp\u00f4t, les r\u00e9percussions de la guerre en Ukraine, la sc\u00e8ne politique nationale et l&rsquo;appui de la BERD aux entreprises publiques marocaines sont les principaux sujets trait\u00e9s par les quotidiens et hebdomadaires et marocains parus ce samedi.+Challenge+, qui s&rsquo;attarde sur les enjeux de la r\u00e9forme de l&rsquo;imp\u00f4t, \u00e9crit que loin d&rsquo;\u00eatre r\u00e9duit \u00e0 un mode de calcul et \u00e0 des m\u00e9thodes sophistiqu\u00e9es de contr\u00f4le, l&rsquo;adh\u00e9sion volontaire des citoyens \u00e0 l&rsquo;imp\u00f4t-contribution, est le \u00ab\u00a0meilleur indicateur\u00a0\u00bb de la maturit\u00e9 civique et politique de toute formation sociale.<\/p>\n<p>Car, la r\u00e9ussite des grands chantiers strat\u00e9giques entam\u00e9s ou programm\u00e9s qui vont certainement fa\u00e7onner totalement le Maroc, d\u00e9pend \u00ab\u00a0\u00e9troitement\u00a0\u00bb de ce chantier tout autant \u00ab\u00a0strat\u00e9gique\u00a0\u00bb qu&rsquo;est la r\u00e9forme de l&rsquo;imp\u00f4t-contribution, pour doter le Royaume d&rsquo;un syst\u00e8me fiscal \u00ab\u00a0efficient, transparent et \u00e9quitable\u00a0\u00bb, estime le journal.<\/p>\n<p>\u00ab\u00a0C&rsquo;est un premier pas incontournable\u00a0\u00bb dans la construction d'\u00a0\u00bbun autre Maroc o\u00f9 r\u00e8gnent les valeurs de libert\u00e9, de justice et de dignit\u00e9\u00a0\u00bb, ajoute-t-il.<\/p>\n<p>+La vie Eco+, qui revient sur les r\u00e9percussions de l&rsquo;offensive militaire lanc\u00e9e jeudi par la Russie contre l&rsquo;Ukraine, \u00e9crit que la crise de l&rsquo;Ukraine, qui vient rappeler \u00e0 tous l&rsquo;extr\u00eame fragilit\u00e9 d&rsquo;une \u00e9conomie plan\u00e9taire devenue mondialis\u00e9e, se r\u00e9percute presque instantan\u00e9ment sur l&rsquo;\u00e9conomie marocaine par le truchement des \u00e9changes commerciaux.<\/p>\n<p>La crise de gaz que conna\u00eetra assur\u00e9ment l&rsquo;Europe sera ressentie, le rench\u00e9rissement de denr\u00e9es vitales comme le bl\u00e9 sera \u201cin\u00e9vitablement\u201d ressenti au Maroc comme ailleurs, rel\u00e8ve l&rsquo;\u00e9ditorialiste.<\/p>\n<p>Plus que jamais, la souverainet\u00e9 \u00e9conomique semble s&rsquo;imposer comme une orientation strat\u00e9gique majeure si le Maroc veut, non pas \u00e9chapper totalement aux effets de crises mondiales, mais seulement en att\u00e9nuer le plus possible les effets, pr\u00e9conise-t-il.<\/p>\n<p>Par ailleurs, +L&rsquo;Observateur du Maroc et d&rsquo;Afrique+ \u00e9crit que certaines voix tentent d&rsquo;utiliser la \u00ab\u00a0d\u00e9moralisation\u00a0\u00bb de certains individus d&rsquo;\u201cune mani\u00e8re politicienne\u00a0\u00bb, en proposant notamment de refaire les \u00e9lections dans un an.<\/p>\n<p>\u00ab\u00a0C&rsquo;est d&rsquo;un ridicule absolu\u00a0\u00bb, car il n&rsquo;y a aucune \u00ab\u00a0crise politique au Maroc\u00a0\u00bb, ni \u00ab\u00a0aucun dysfonctionnement\u00a0\u00bb, rel\u00e8ve la publication, soulignant que les institutions fonctionnent parfaitement, dans le cadre des pr\u00e9rogatives qui leur ont \u00e9t\u00e9 fix\u00e9es par la Constitution de 2011.<\/p>\n<p>+Le Matin+ fait svaoir que la Banque europ\u00e9enne pour la reconstruction et le d\u00e9veloppement (BERD) poursuit son appui aux entreprises publiques marocaines. Ainsi, un accord de don a \u00e9t\u00e9 scell\u00e9 avec le minist\u00e8re de l&rsquo;\u00c9conomie et des finances afin d&rsquo;accompagner la Direction des entreprises publiques et de la privatisation dans le d\u00e9ploiement d&rsquo;une politique actionnariale de l&rsquo;\u00c9tat.<\/p>\n<p>\u00abLa convention de subvention a \u00e9t\u00e9 sign\u00e9e \u00e0 la suite d&rsquo;une rencontre entre Odile Renaud-Basso, pr\u00e9sidente de la BERD, et Nadia Fettah Alaoui, ministre marocaine de l&rsquo;\u00c9conomie et des finances, lors du sixi\u00e8me sommet Union europ\u00e9enne-Union africaine, qui s&rsquo;est tenu \u00e0 Bruxelles les 17 et 18 f\u00e9vrier 2022\u00bb, indique la banque dans un communiqu\u00e9.<\/p>\n<p>L&rsquo;accord d&rsquo;assistance comprend notamment la mise en place de la nouvelle Agence nationale de gestion strat\u00e9gique des participations de l&rsquo;\u00c9tat.<\/p>\n<p>+Lib\u00e9ration+ rapporte que les services s\u00e9curitaires de Casablanca ont r\u00e9ussi, vendredi, \u00e0 mettre en \u00e9chec une op\u00e9ration de trafic de 12.000 comprim\u00e9s psychotropes. Cette op\u00e9ration s\u00e9curitaire a permis d&rsquo;intercepter un camion utilitaire de transport de marchandises juste apr\u00e8s son arriv\u00e9e \u00e0 la rocade de Casablanca en provenance d&rsquo;une ville du nord du Royaume.<\/p>\n<p>Les op\u00e9rations de fouilles \u00e0 l&rsquo;int\u00e9rieur du camion ont permis la saisie de 12.000 comprim\u00e9s de type \u00ab\u00a0Rivotril\u00a0\u00bb et 10 unit\u00e9s d'\u00a0\u00bbEcstasy\u00a0\u00bb, outre une dose de coca\u00efne, indique la Direction G\u00e9n\u00e9rale de la S\u00fbret\u00e9 Nationale (DGSN).<\/p>\n<p>Cet article <a rel=\"nofollow\" href=\"https:\/\/www.journalducameroun.com\/economie-et-politique-au-menu-des-quotidiens-et-hebdomadaires-marocains\/\">Economie et politique au menu des quotidiens et hebdomadaires marocains<\/a> est apparu en premier sur <a rel=\"nofollow\" href=\"https:\/\/www.journalducameroun.com\/\">Journal du Cameroun<\/a>.<\/p>\n<\/div>\n<p>Auteur: APA News<br \/>\n<a href=\"https:\/\/www.journalducameroun.com\/economie-et-politique-au-menu-des-quotidiens-et-hebdomadaires-marocains\/\">Cliquez ici pour lire l&rsquo;article depuis sa source.<\/a><\/p>\n","protected":false},"excerpt":{"rendered":"<p>Les enjeux de la r\u00e9forme de l&rsquo;imp\u00f4t, les r\u00e9percussions de la guerre en Ukraine, la sc\u00e8ne politique nationale et l&rsquo;appui de la BERD aux entreprises publiques marocaines sont les principaux sujets trait\u00e9s par les quotidiens et hebdomadaires et marocains parus ce samedi.+Challenge+, qui s&rsquo;attarde sur les enjeux de la r\u00e9forme de l&rsquo;imp\u00f4t, \u00e9crit que loin [&hellip;]<\/p>\n","protected":false},"author":1965,"featured_media":0,"comment_status":"closed","ping_status":"closed","sticky":false,"template":"","format":"standard","meta":{"fifu_image_url":"https:\/\/www.journalducameroun.com\/wp-content\/uploads\/2022\/02\/16458706833187.jpg","fifu_image_alt":"Economie et politique au menu des quotidiens et hebdomadaires marocains","footnotes":""},"categories":[73,82],"tags":[],"class_list":["post-141830","post","type-post","status-publish","format-standard","hentry","category-actualite","category-cameroun"],"_links":{"self":[{"href":"https:\/\/linitiative.ca\/International\/wp-json\/wp\/v2\/posts\/141830","targetHints":{"allow":["GET"]}}],"collection":[{"href":"https:\/\/linitiative.ca\/International\/wp-json\/wp\/v2\/posts"}],"about":[{"href":"https:\/\/linitiative.ca\/International\/wp-json\/wp\/v2\/types\/post"}],"author":[{"embeddable":true,"href":"https:\/\/linitiative.ca\/International\/wp-json\/wp\/v2\/users\/1965"}],"replies":[{"embeddable":true,"href":"https:\/\/linitiative.ca\/International\/wp-json\/wp\/v2\/comments?post=141830"}],"version-history":[{"count":0,"href":"https:\/\/linitiative.ca\/International\/wp-json\/wp\/v2\/posts\/141830\/revisions"}],"wp:attachment":[{"href":"https:\/\/linitiative.ca\/International\/wp-json\/wp\/v2\/media?parent=141830"}],"wp:term":[{"taxonomy":"category","embeddable":true,"href":"https:\/\/linitiative.ca\/International\/wp-json\/wp\/v2\/categories?post=141830"},{"taxonomy":"post_tag","embeddable":true,"href":"https:\/\/linitiative.ca\/International\/wp-json\/wp\/v2\/tags?post=141830"}],"curies":[{"name":"wp","href":"https:\/\/api.w.org\/{rel}","templated":true}]}}