{"id":141832,"date":"2022-02-26T07:18:03","date_gmt":"2022-02-26T12:18:03","guid":{"rendered":"https:\/\/linitiative.ca\/International\/le-mali-et-la-cedeao-vont-poursuivre-le-dialogue-sur-la-duree-de-la-transition\/"},"modified":"2022-02-26T07:18:03","modified_gmt":"2022-02-26T12:18:03","slug":"le-mali-et-la-cedeao-vont-poursuivre-le-dialogue-sur-la-duree-de-la-transition","status":"publish","type":"post","link":"https:\/\/linitiative.ca\/International\/le-mali-et-la-cedeao-vont-poursuivre-le-dialogue-sur-la-duree-de-la-transition\/","title":{"rendered":"Le Mali et la Cedeao vont poursuivre le dialogue sur la dur\u00e9e de la transition"},"content":{"rendered":"<div>\n<p><img decoding=\"async\" width=\"278\" height=\"181\" src=\"https:\/\/linitiative.ca\/International\/wp-content\/uploads\/sites\/23\/2022\/02\/16458778837683.jpg\" class=\"attachment-post-thumbnail size-post-thumbnail wp-post-image\" alt=\"\" loading=\"lazy\"><\/p>\n<p>Au terme de sa visite vendredi, Goodluck Jonathan a relev\u00e9 la \u00ab\u00a0disposition des autorit\u00e9s maliennes de la Transition \u00e0 continuer \u00e0 dialoguer avec la Cedeao\u00a0\u00bb.A Bamako, le m\u00e9diateur de la Communaut\u00e9 \u00e9conomique des \u00c9tats de l&rsquo;Afrique de l&rsquo;Ouest (Cedeao), Goodluck Jonathan, \u00e9tait sp\u00e9cialement venu la veille pour s&rsquo;entendre avec les militaires au pouvoir sur la dur\u00e9e de la nouvelle transition. Il n&rsquo;y a certes pas eu d&rsquo;accord pour le moment, mais l&rsquo;ancien pr\u00e9sident nig\u00e9rian a montr\u00e9 sa satisfaction \u00a0quant aux dispositions du colonel Assimi Go\u00efta et son \u00e9quipe de ne pas rompre le fil du dialogue. Il a \u00a0notamment exprim\u00e9 \u00ab\u00a0sa profonde appr\u00e9ciation aux Autorit\u00e9s maliennes pour la qualit\u00e9 de l&rsquo;accueil et pour leur disponibilit\u00e9\u00a0\u00bb.<\/p>\n<p>Si d&rsquo;aucuns parlaient de la \u00ab\u00a0r\u00e9union de la derni\u00e8re chance\u00a0\u00bb avant son arriv\u00e9e dans la capitale malienne, Goodluck Jonathan avait tenu \u00e0 rapidement \u00e9carter cette id\u00e9e, notant que \u00ab\u00a0c&rsquo;est un processus qui continue jusqu&rsquo;\u00e0 l&rsquo;arriv\u00e9e de la fin de la transition\u00a0\u00bb.<\/p>\n<p>Dans ce cadre,\u00a0\u00bble M\u00e9diateur a eu un \u00e9change de vues approfondi avec une d\u00e9l\u00e9gation gouvernementale dirig\u00e9e par le Ministre malien des Affaires \u00e9trang\u00e8res et de la Coop\u00e9ration internationale et comprenant respectivement les Ministres en charge de l&rsquo;Administration territoriale et de la D\u00e9centralisation, de la Refondation de l&rsquo;Etat et des R\u00e9formes institutionnelles. Il a \u00e9galement rencontr\u00e9 le Pr\u00e9sident de la Transition, S.E. le Colonel Assimi Goita. Les discussions ont eu lieu dans le contexte des consultations au niveau technique sur un calendrier \u00e9lectoral acceptable, tenues la semaine derni\u00e8re \u00e0 Bamako\u00a0\u00bb, rapporte le communiqu\u00e9 sur la fin de s\u00e9jour de Goodluck Jonathan \u00e0 Bamako.<\/p>\n<p>\u00ab\u00a0Au cours de ces consultations, le M\u00e9diateur a r\u00e9it\u00e9r\u00e9 l&rsquo;attachement de la Cedeao au dialogue, aux fins de faciliter la restauration de l&rsquo;ordre constitutionnel, conform\u00e9ment aux instruments pertinents de la Cedeao et de l&rsquo;UA (Union africaine)\u00a0\u00bb, a encore soulign\u00e9 le document.<\/p>\n<p>Ainsi donc, le Comit\u00e9 local de suivi de la Transition (CLST) \u00e9tabli par la Cedeao et les experts \u00ab\u00a0vont poursuivre leurs \u00e9changes techniques avec les autorit\u00e9s malienne\u00a0\u00bb jusqu&rsquo;\u00e0 obtenir les r\u00e9sultats escompt\u00e9s.<\/p>\n<p>Selon plusieurs sources, la d\u00e9l\u00e9gation de la Cedeao \u00e9tait arriv\u00e9 \u00e0 Bamako, avec dans ses bagages, un document de deux plans pour le retour \u00e0 un ordre d\u00e9mocratique normal. Le premier plan proposerait une transition d&rsquo;une \u00a0dur\u00e9e de douze mois alors que le second en sugg\u00e9rerait seize.<\/p>\n<p>Interrog\u00e9 \u00e0 ce sujet, l&rsquo;ancien pr\u00e9sident nig\u00e9rian a reconnu qu&rsquo;il y a \u00ab\u00a0certains points qui ne sont pas enti\u00e8rement faux\u00a0\u00bb dans ce document qui circule dans les r\u00e9seaux sociaux. La derni\u00e8re version devait \u00eatre partag\u00e9 \u00ab\u00a0avec la partie malienne qui va r\u00e9agir l\u00e0-dessus et permettre la poursuite des discussions\u00a0\u00bb, avait-il pr\u00e9cis\u00e9 apr\u00e8s son audience avec le colonel Assimi Go\u00efta, pr\u00e9sident de la transition.<\/p>\n<p>Toutefois, ces propositions officieuses sont en contradiction avec les d\u00e9cisions r\u00e9cemment ent\u00e9rin\u00e9es par le Conseil national de la transition (CNT) du Mali, l&rsquo;organe l\u00e9gislatif contr\u00f4l\u00e9 par les militaires depuis le coup d&rsquo;Etat d&rsquo;ao\u00fbt 2020 contre le r\u00e9gime du d\u00e9funt Ibrahim Boubacar Ke\u00efta.<\/p>\n<p>Le CNT a adopt\u00e9 lundi 21 f\u00e9vrier dernier le projet de charte r\u00e9vis\u00e9 de la transition, donnant d\u00e9sormais la possibilit\u00e9 au colonel Assimi Go\u00efta de rester au pouvoir jusqu&rsquo;en 2027, soit cinq ans, un d\u00e9lai \u00ab\u00a0totalement inacceptable\u00a0\u00bb pour la Cedeao.<\/p>\n<p>Cet article <a rel=\"nofollow\" href=\"https:\/\/www.journalducameroun.com\/le-mali-et-la-cedeao-vont-poursuivre-le-dialogue-sur-la-duree-de-la-transition\/\">Le Mali et la Cedeao vont poursuivre le dialogue sur la dur\u00e9e de la transition<\/a> est apparu en premier sur <a rel=\"nofollow\" href=\"https:\/\/www.journalducameroun.com\/\">Journal du Cameroun<\/a>.<\/p>\n<\/div>\n<p>Auteur: APA News<br \/>\n<a href=\"https:\/\/www.journalducameroun.com\/le-mali-et-la-cedeao-vont-poursuivre-le-dialogue-sur-la-duree-de-la-transition\/\">Cliquez ici pour lire l&rsquo;article depuis sa source.<\/a><\/p>\n","protected":false},"excerpt":{"rendered":"<p>Au terme de sa visite vendredi, Goodluck Jonathan a relev\u00e9 la \u00ab\u00a0disposition des autorit\u00e9s maliennes de la Transition \u00e0 continuer \u00e0 dialoguer avec la Cedeao\u00a0\u00bb.A Bamako, le m\u00e9diateur de la Communaut\u00e9 \u00e9conomique des \u00c9tats de l&rsquo;Afrique de l&rsquo;Ouest (Cedeao), Goodluck Jonathan, \u00e9tait sp\u00e9cialement venu la veille pour s&rsquo;entendre avec les militaires au pouvoir sur la [&hellip;]<\/p>\n","protected":false},"author":1965,"featured_media":0,"comment_status":"closed","ping_status":"closed","sticky":false,"template":"","format":"standard","meta":{"fifu_image_url":"https:\/\/www.journalducameroun.com\/wp-content\/uploads\/2022\/02\/16458778837683.jpg","fifu_image_alt":"Le Mali et la Cedeao vont poursuivre le dialogue sur la dur\u00e9e de la transition","footnotes":""},"categories":[73,82],"tags":[],"class_list":["post-141832","post","type-post","status-publish","format-standard","hentry","category-actualite","category-cameroun"],"_links":{"self":[{"href":"https:\/\/linitiative.ca\/International\/wp-json\/wp\/v2\/posts\/141832","targetHints":{"allow":["GET"]}}],"collection":[{"href":"https:\/\/linitiative.ca\/International\/wp-json\/wp\/v2\/posts"}],"about":[{"href":"https:\/\/linitiative.ca\/International\/wp-json\/wp\/v2\/types\/post"}],"author":[{"embeddable":true,"href":"https:\/\/linitiative.ca\/International\/wp-json\/wp\/v2\/users\/1965"}],"replies":[{"embeddable":true,"href":"https:\/\/linitiative.ca\/International\/wp-json\/wp\/v2\/comments?post=141832"}],"version-history":[{"count":0,"href":"https:\/\/linitiative.ca\/International\/wp-json\/wp\/v2\/posts\/141832\/revisions"}],"wp:attachment":[{"href":"https:\/\/linitiative.ca\/International\/wp-json\/wp\/v2\/media?parent=141832"}],"wp:term":[{"taxonomy":"category","embeddable":true,"href":"https:\/\/linitiative.ca\/International\/wp-json\/wp\/v2\/categories?post=141832"},{"taxonomy":"post_tag","embeddable":true,"href":"https:\/\/linitiative.ca\/International\/wp-json\/wp\/v2\/tags?post=141832"}],"curies":[{"name":"wp","href":"https:\/\/api.w.org\/{rel}","templated":true}]}}