{"id":141834,"date":"2022-02-26T17:18:02","date_gmt":"2022-02-26T22:18:02","guid":{"rendered":"https:\/\/linitiative.ca\/International\/le-maroc-suit-avec-inquietude-levolution-de-la-situation-entre-la-russie-et-lukraine\/"},"modified":"2022-02-26T17:18:02","modified_gmt":"2022-02-26T22:18:02","slug":"le-maroc-suit-avec-inquietude-levolution-de-la-situation-entre-la-russie-et-lukraine","status":"publish","type":"post","link":"https:\/\/linitiative.ca\/International\/le-maroc-suit-avec-inquietude-levolution-de-la-situation-entre-la-russie-et-lukraine\/","title":{"rendered":"Le Maroc suit avec \u00ab\u00a0inqui\u00e9tude\u00a0\u00bb l\u2019\u00e9volution de la situation entre la Russie et l\u2019Ukraine"},"content":{"rendered":"<div>\n<p><img decoding=\"async\" width=\"337\" height=\"150\" src=\"https:\/\/linitiative.ca\/International\/wp-content\/uploads\/sites\/23\/2022\/02\/16459138834882.jpg\" class=\"attachment-post-thumbnail size-post-thumbnail wp-post-image\" alt=\"\" loading=\"lazy\" srcset=\"https:\/\/linitiative.ca\/International\/wp-content\/uploads\/sites\/23\/2022\/02\/16459138834882.jpg 337w, https:\/\/www.journalducameroun.com\/wp-content\/uploads\/2022\/02\/16459138834882-300x134.jpg 300w\" sizes=\"auto, (max-width: 337px) 100vw, 337px\"><\/p>\n<p>Le Maroc suit avec inqui\u00e9tude l&rsquo;\u00e9volution de la situation entre la F\u00e9d\u00e9ration de Russie et l&rsquo;Ukraine, a indiqu\u00e9, samedi, le minist\u00e8re marocain des Affaires \u00e9trang\u00e8res.Maroc-Russie-Ukraine<\/p>\n<p>Le Maroc suit avec \u00ab\u00a0inqui\u00e9tude\u00a0\u00bb l&rsquo;\u00e9volution de la situation entre la Russie et l&rsquo;Ukraine<\/p>\n<p>\u00a0<\/p>\n<p>Dans un communiqu\u00e9, le minist\u00e8re ajoute que le Royaume \u00ab\u00a0r\u00e9it\u00e8re son soutien \u00e0 l&rsquo;int\u00e9grit\u00e9 territoriale et \u00e0 l&rsquo;unit\u00e9 nationale de tous les Etats membres des Nations Unies\u00a0\u00bb.<\/p>\n<p>\u00ab\u00a0Le Royaume du Maroc rappelle, \u00e9galement, son attachement au principe de non recours \u00e0 la force pour le r\u00e8glement des diff\u00e9rends entre Etats et encourage toutes les initiatives et actions favorisant un r\u00e8glement pacifique des conflits\u00a0\u00bb, conclut le communiqu\u00e9.<\/p>\n<p>Vendredi, l&rsquo;Ambassade du Maroc \u00e0 Kiev a appel\u00e9 les Marocains ayant choisi de rester en Ukraine \u00e0 respecter les consignes des autorit\u00e9s ukrainiennes, et ceux d\u00e9sirant quitter le pays \u00e0 se rendre aux points frontaliers avec la Roumanie, la Hongrie et la Slovaquie. Une liste des points de transit a \u00e9galement \u00e9t\u00e9 publi\u00e9e accompagn\u00e9e des num\u00e9ros \u00e0 contacter.<\/p>\n<p>Ce samedi, l&rsquo;Ambassade a \u00e9galement annonc\u00e9 la mise en place de nouveaux num\u00e9ros pour les citoyens souhaitant contacter les cellules d&rsquo;accueil et d&rsquo;accompagnement aux points d&rsquo;acc\u00e8s frontaliers de la Roumanie, la Hongrie, la Slovaquie et la Pologne.<\/p>\n<p>Pour rappel, la Russie a lanc\u00e9 jeudi une op\u00e9ration militaire contre l&rsquo;Ukraine, une attaque qui a suscit\u00e9 une vague de condamnations des Etats-Unis, de l&rsquo;UE, de l&rsquo;OTAN, de l&rsquo;Union Africaine, et de plusieurs pays.<\/p>\n<p>Cet article <a rel=\"nofollow\" href=\"https:\/\/www.journalducameroun.com\/le-maroc-suit-avec-inquietude-levolution-de-la-situation-entre-la-russie-et-lukraine\/\">Le Maroc suit avec \u00ab\u00a0inqui\u00e9tude\u00a0\u00bb l\u2019\u00e9volution de la situation entre la Russie et l\u2019Ukraine<\/a> est apparu en premier sur <a rel=\"nofollow\" href=\"https:\/\/www.journalducameroun.com\/\">Journal du Cameroun<\/a>.<\/p>\n<\/div>\n<p>Auteur: APA News<br \/>\n<a href=\"https:\/\/www.journalducameroun.com\/le-maroc-suit-avec-inquietude-levolution-de-la-situation-entre-la-russie-et-lukraine\/\">Cliquez ici pour lire l&rsquo;article depuis sa source.<\/a><\/p>\n","protected":false},"excerpt":{"rendered":"<p>Le Maroc suit avec inqui\u00e9tude l&rsquo;\u00e9volution de la situation entre la F\u00e9d\u00e9ration de Russie et l&rsquo;Ukraine, a indiqu\u00e9, samedi, le minist\u00e8re marocain des Affaires \u00e9trang\u00e8res.Maroc-Russie-Ukraine Le Maroc suit avec \u00ab\u00a0inqui\u00e9tude\u00a0\u00bb l&rsquo;\u00e9volution de la situation entre la Russie et l&rsquo;Ukraine \u00a0 Dans un communiqu\u00e9, le minist\u00e8re ajoute que le Royaume \u00ab\u00a0r\u00e9it\u00e8re son soutien \u00e0 l&rsquo;int\u00e9grit\u00e9 territoriale [&hellip;]<\/p>\n","protected":false},"author":1965,"featured_media":0,"comment_status":"closed","ping_status":"closed","sticky":false,"template":"","format":"standard","meta":{"fifu_image_url":"https:\/\/www.journalducameroun.com\/wp-content\/uploads\/2022\/02\/16459138834882.jpg","fifu_image_alt":"Le Maroc suit avec \u00ab\u00a0inqui\u00e9tude\u00a0\u00bb l\u2019\u00e9volution de la situation entre la Russie et l\u2019Ukraine","footnotes":""},"categories":[73,82],"tags":[],"class_list":["post-141834","post","type-post","status-publish","format-standard","hentry","category-actualite","category-cameroun"],"_links":{"self":[{"href":"https:\/\/linitiative.ca\/International\/wp-json\/wp\/v2\/posts\/141834","targetHints":{"allow":["GET"]}}],"collection":[{"href":"https:\/\/linitiative.ca\/International\/wp-json\/wp\/v2\/posts"}],"about":[{"href":"https:\/\/linitiative.ca\/International\/wp-json\/wp\/v2\/types\/post"}],"author":[{"embeddable":true,"href":"https:\/\/linitiative.ca\/International\/wp-json\/wp\/v2\/users\/1965"}],"replies":[{"embeddable":true,"href":"https:\/\/linitiative.ca\/International\/wp-json\/wp\/v2\/comments?post=141834"}],"version-history":[{"count":0,"href":"https:\/\/linitiative.ca\/International\/wp-json\/wp\/v2\/posts\/141834\/revisions"}],"wp:attachment":[{"href":"https:\/\/linitiative.ca\/International\/wp-json\/wp\/v2\/media?parent=141834"}],"wp:term":[{"taxonomy":"category","embeddable":true,"href":"https:\/\/linitiative.ca\/International\/wp-json\/wp\/v2\/categories?post=141834"},{"taxonomy":"post_tag","embeddable":true,"href":"https:\/\/linitiative.ca\/International\/wp-json\/wp\/v2\/tags?post=141834"}],"curies":[{"name":"wp","href":"https:\/\/api.w.org\/{rel}","templated":true}]}}