{"id":141837,"date":"2022-02-26T10:25:40","date_gmt":"2022-02-26T15:25:40","guid":{"rendered":"https:\/\/linitiative.ca\/International\/le-conseil-regional-de-louest-sollicite-sa-diaspora-pour-financer-son-plan-de-developpement\/"},"modified":"2022-02-26T10:25:40","modified_gmt":"2022-02-26T15:25:40","slug":"le-conseil-regional-de-louest-sollicite-sa-diaspora-pour-financer-son-plan-de-developpement","status":"publish","type":"post","link":"https:\/\/linitiative.ca\/International\/le-conseil-regional-de-louest-sollicite-sa-diaspora-pour-financer-son-plan-de-developpement\/","title":{"rendered":"Le Conseil r\u00e9gional de l\u2019Ouest sollicite sa diaspora pour financer son plan de d\u00e9veloppement"},"content":{"rendered":"<div>\n<p>Le pr\u00e9sident du conseil r\u00e9gional de l\u2019Ouest, Jules Hilaire Foka Foka, tend la main \u00e0 la diaspora de cette partie du pays. Il est accompagn\u00e9 dans cette entreprise par le cabinet Reliance Business, bas\u00e9 \u00e0 Washington aux \u00c9tats-Unis. Leur strat\u00e9gie de conqu\u00eate de cette diaspora, diss\u00e9min\u00e9e en Europe et en Am\u00e9rique du Nord, tourne autour d\u2019une mission de charme dont l\u2019objectif est, selon le patron cabinet Reliance Business, Jean Paul Fosso, de \u00ab\u00a0mobiliser les investissements\u00a0\u00bb.<\/p>\n<p><strong>Lire aussi : <a href=\"https:\/\/ecomatin.net\/le-feicom-a-finance-433-projets-a-hauteur-de-32-milliards-de-f-en-14-ans-a-louest\/\">Le Feicom a financ\u00e9 433 projets \u00e0 hauteur de 32 milliards de F en 14 ans \u00e0 l\u2019Ouest<\/a><\/strong><\/p>\n<p>Le PRD, l\u2019un des \u00e9l\u00e9ments-cl\u00e9s de cette entreprise, est en cours d\u2019\u00e9laboration. Sa r\u00e9daction a \u00e9t\u00e9 confi\u00e9e au cabinet PricewaterhouseCoopers (PWC). Ce dernier promet la livraison du document \u00e0 la fin du mois de mars 2022. De sorte que, d\u00e8s le mois d\u2019avril, Jules Hilaire Foka Foka pourra s\u2019en servir comme outil de plaidoyer lors d\u2019un voyage pr\u00e9vu en avril \u00e0 Paris. Dans la capitale fran\u00e7aise, le pr\u00e9sident du conseil r\u00e9gional de l\u2019Ouest va mettre \u00e0 contribution\u00a0\u00a0l\u2019exposition baptis\u00e9e \u00ab\u2009Sur la route des chefferies du Cameroun, du visible \u00e0 l\u2019invisible\u2009\u00bb, organis\u00e9e au mus\u00e9e du Quai Branly, du 11\u00a0avril au 22\u00a0juillet 2022, par des Camerounais install\u00e9s \u00e0 Nantes, pour rencontrer la diaspora de la r\u00e9gion de l\u2019Ouest.<\/p>\n<p><strong>Lire aussi : <a href=\"https:\/\/ecomatin.net\/communaute-urbaine-de-bafoussam-adopte-un-budget-de-3-milliards-pour-2022\/\">Communaut\u00e9 urbaine de Bafoussam adopte un budget de 3 milliards pour 2022<\/a><\/strong><\/p>\n<p>Et ce n\u2019est pas tout. Apr\u00e8s l\u2019Europe, M. Foka Foka envisage \u00e9galement de rencontrer la diaspora de l\u2019Ouest au Cameroun au cours d\u2019un grand forum \u00e9conomique\u00a0\u00a0qu\u2019il organise en novembre 2022 \u00e0 Bafoussam. Cet \u00ab\u00a0\u00e9v\u00e8nement\u00a0\u00a0d\u2019enverguer\u00a0\u00bb, fait de d\u00e9couvertes et d\u2019exhibitions de la r\u00e9gion de l\u2019Ouest, va constituer \u00ab\u00a0une rampe de lancement pour le d\u00e9collage \u00e9conomique que Jules Hilaire Foka Foka veut impulser pendant son premier mandat\u00a0\u00bb.<\/p>\n<p><strong>Lire aussi : <a href=\"https:\/\/ecomatin.net\/conseil-regional-de-louest-28-du-budget-recouvre-en-2021\/\">Conseil r\u00e9gional de l\u2019Ouest : 28% du budget recouvr\u00e9 en 2021<\/a><\/strong><\/p>\n<p>Pour rappel, le 28 d\u00e9cembre 2021, lors de la 4\u00e8me session du conseil r\u00e9gional de l\u2019Ouest consacr\u00e9e \u00e0 l\u2019examen et \u00e0 l\u2019adoption du budget, les conseillers r\u00e9gionaux avaient vot\u00e9 une enveloppe de 4,5 milliards de FCFA repr\u00e9sentant essentiellement la dotation g\u00e9n\u00e9rale de la d\u00e9centralisation octroy\u00e9e par le pr\u00e9sident de la R\u00e9publique. Ce budget est en hausse de 1,9 milliard de FCFA par rapport \u00e0 celui de l\u2019exercice 2021 au cours duquel, selon le pr\u00e9sident du conseil r\u00e9gional de l\u2019Ouest, \u00ab\u00a0nous avons re\u00e7u pr\u00e8s de 760 millions de FCFA\u00a0\u00bb. Soit 28% de l\u2019enveloppe attendue de la d\u00e9centralisation. comme ses homologues des autres r\u00e9gions, Jules Hilaire Foka Foka \u00e9prouve des difficult\u00e9s \u00e0 mobiliser des financements pour la r\u00e9alisation des projets inscrits dans son budget. D\u2019o\u00f9 certainement l\u2019adoption de la politique de la main tendue aux communaut\u00e9s pour financer son PRD. Au centre de cette strat\u00e9gie, la diaspora de sa r\u00e9gion.<\/p>\n<p>L\u2019article <a rel=\"nofollow\" href=\"https:\/\/ecomatin.net\/le-conseil-regional-de-louest-sollicite-sa-diaspora-pour-financer-son-plan-de-developpement\/\">Le Conseil r\u00e9gional de l\u2019Ouest sollicite sa diaspora pour financer son plan de d\u00e9veloppement<\/a> est apparu en premier sur <a rel=\"nofollow\" href=\"https:\/\/ecomatin.net\/\">EcoMatin<\/a>.<\/p>\n<\/div>\n<p>Auteur: Bernard Bangda<br \/>\n<a href=\"https:\/\/ecomatin.net\/le-conseil-regional-de-louest-sollicite-sa-diaspora-pour-financer-son-plan-de-developpement\/\">Cliquez ici pour lire l&rsquo;article depuis sa source.<\/a><\/p>\n","protected":false},"excerpt":{"rendered":"<p>Le pr\u00e9sident du conseil r\u00e9gional de l\u2019Ouest, Jules Hilaire Foka Foka, tend la main \u00e0 la diaspora de cette partie du pays. Il est accompagn\u00e9 dans cette entreprise par le cabinet Reliance Business, bas\u00e9 \u00e0 Washington aux \u00c9tats-Unis. Leur strat\u00e9gie de conqu\u00eate de cette diaspora, diss\u00e9min\u00e9e en Europe et en Am\u00e9rique du Nord, tourne autour [&hellip;]<\/p>\n","protected":false},"author":1969,"featured_media":0,"comment_status":"closed","ping_status":"closed","sticky":false,"template":"","format":"standard","meta":{"fifu_image_url":"","fifu_image_alt":"","footnotes":""},"categories":[82,78],"tags":[],"class_list":["post-141837","post","type-post","status-publish","format-standard","hentry","category-cameroun","category-economie"],"_links":{"self":[{"href":"https:\/\/linitiative.ca\/International\/wp-json\/wp\/v2\/posts\/141837","targetHints":{"allow":["GET"]}}],"collection":[{"href":"https:\/\/linitiative.ca\/International\/wp-json\/wp\/v2\/posts"}],"about":[{"href":"https:\/\/linitiative.ca\/International\/wp-json\/wp\/v2\/types\/post"}],"author":[{"embeddable":true,"href":"https:\/\/linitiative.ca\/International\/wp-json\/wp\/v2\/users\/1969"}],"replies":[{"embeddable":true,"href":"https:\/\/linitiative.ca\/International\/wp-json\/wp\/v2\/comments?post=141837"}],"version-history":[{"count":0,"href":"https:\/\/linitiative.ca\/International\/wp-json\/wp\/v2\/posts\/141837\/revisions"}],"wp:attachment":[{"href":"https:\/\/linitiative.ca\/International\/wp-json\/wp\/v2\/media?parent=141837"}],"wp:term":[{"taxonomy":"category","embeddable":true,"href":"https:\/\/linitiative.ca\/International\/wp-json\/wp\/v2\/categories?post=141837"},{"taxonomy":"post_tag","embeddable":true,"href":"https:\/\/linitiative.ca\/International\/wp-json\/wp\/v2\/tags?post=141837"}],"curies":[{"name":"wp","href":"https:\/\/api.w.org\/{rel}","templated":true}]}}