{"id":141838,"date":"2022-02-26T12:35:58","date_gmt":"2022-02-26T17:35:58","guid":{"rendered":"https:\/\/linitiative.ca\/International\/inflation-bertoua-ville-la-plus-chere-de-2016-a-2021\/"},"modified":"2022-02-26T12:35:58","modified_gmt":"2022-02-26T17:35:58","slug":"inflation-bertoua-ville-la-plus-chere-de-2016-a-2021","status":"publish","type":"post","link":"https:\/\/linitiative.ca\/International\/inflation-bertoua-ville-la-plus-chere-de-2016-a-2021\/","title":{"rendered":"Inflation\u00a0: Bertoua, ville la plus ch\u00e8re de 2016 \u00e0 2021"},"content":{"rendered":"<div>\n<p>Avec un taux d\u2019inflation de l\u2019ordre de 16,4%, la ville de Bertoua, chef-lieu de la r\u00e9gion de l\u2019Est, est la plus ch\u00e8re du Cameroun de 2016 \u00e0 2021. L\u2019information est contenue dans la r\u00e9cente note hors-s\u00e9rie de l\u2019INS sur l\u2019\u00e9volution de l\u2019inflation au Cameroun. Selon ce document, le trio de t\u00eate des villes les plus ch\u00e8res au Cameroun au cours de la p\u00e9riode sous revue est compl\u00e9t\u00e9 par Bamenda (+12,5%), capitale du Nord-Ouest, et Bu\u00e9a (+11,5%), chef-lieu de la r\u00e9gion du Sud-ouest. Ces trois villes sont les seules au Cameroun \u00e0 avoir enregistr\u00e9 des taux d\u2019inflation cumul\u00e9e \u00e0 deux chiffres, loin des 9,2% de taux d\u2019inflation cumul\u00e9 de ces cinq derni\u00e8res ann\u00e9es.<\/p>\n<p><strong>Lire aussi<\/strong> : <strong><a href=\"https:\/\/ecomatin.net\/au-cameroun-linflation-a-bondi-de-912-en-n-5-ans-ins\/\">L\u2019inflation a bondi de 9,12% en 5 ans (INS)<\/a><\/strong><\/p>\n<p>Pour justifier ces taux d\u2019inflation \u00e9lev\u00e9s, des analystes font \u00e9tat de ce que ces trois localit\u00e9s ont en commun d\u2019\u00eatre frapp\u00e9es par les effets des crises qui secouent leurs r\u00e9gions. \u00ab\u00a0Dans les r\u00e9gions du Nord-Ouest et du Sud-ouest, l\u2019on imagine ais\u00e9ment que les circuits de distribution des produits ont \u00e9t\u00e9 mis \u00e0 mal par les groupes arm\u00e9s qui partitionnent ces r\u00e9gions en zones qu\u2019ils contr\u00f4lent et dans lesquelles ils instaurent des imp\u00f4ts et taxes sur des bases subjectives. Ce, en plus des taxes \u00e0 payer \u00e0 l\u2019Etat. Du coup, les prix des produits de grande consommation surtout augmentent \u00e0 une vitesse exponentielle.\u00a0\u00bb<\/p>\n<p><strong>Crises centrafricaines<\/strong><\/p>\n<p>Pour ce qui est de Bertoua, un \u00e9conomiste originaire de la r\u00e9gion de l\u2019Est explique que \u00ab\u00a0la ville subit la flamb\u00e9e des prix des produits alimentaires cons\u00e9cutive \u00e0 l\u2019arriv\u00e9e des r\u00e9fugi\u00e9s centrafricains sur son territoire depuis 2003, lors de la premi\u00e8re crise centrafricaine suite au d\u00e9part forc\u00e9 de feu Ange F\u00e9lix Patass\u00e9 du pouvoir, chass\u00e9 par Fran\u00e7ois Boziz\u00e9\u00a0\u00bb. En effet, \u00e0 l\u2019\u00e9poque, un expert en nutrition, missionn\u00e9 par le Fonds des Nations unies pour l\u2019Enfance (Unicef), pr\u00e9venait d\u00e9j\u00e0 les autorit\u00e9s locales sur \u00ab\u00a0les risques d\u2019inflation dus \u00e0 l\u2019arriv\u00e9e de ces r\u00e9fugi\u00e9s\u00a0\u00bb. Boubakary basait son analyse sur le fait que \u00ab\u00a0le partage d\u2019une m\u00eame fronti\u00e8re a toujours fait que les populations de part et d\u2019autre aient les m\u00eames habitudes alimentaires\u00a0\u00bb. Pas seulement. Le missionnaire de l\u2019Unicef indiquait \u00e9galement que \u00ab\u00a0lors des crises ant\u00e9rieures, on avait remarqu\u00e9 que les Centrafricains avaient toujours du liquide sur eux et pouvaient se permettre de faire de gros achats et \u00e0 des prix \u00e9lev\u00e9s. La tentation est alors forte pour les commer\u00e7ants camerounais de c\u00e9der \u00e0 l\u2019augmentation des prix face \u00e0 une client\u00e8le qui avait un pouvoir d\u2019achat sup\u00e9rieur \u00e0 celle avec laquelle ils ont souvent commerc\u00e9\u00a0\u00bb. C\u2019est alors sans surprise qu\u2019on a assist\u00e9 \u00e0 une hausse vertigineuse du prix de la cuvette de farine de manioc qui est pass\u00e9 de 2\u00a0000 FCFA en 2013 \u00e0 6\u00a0000 voire 7\u00a0000 FCFA en 2021. Idem pour le seau de 15 litres de macabo qui est pass\u00e9 de 1\u00a0500 FCFA \u00e0 4\u00a0000 FCFA.<\/p>\n<p><strong>Lire aussi <\/strong>: <strong><a href=\"https:\/\/ecomatin.net\/lutte-contre-linflation-bertoua-et-mandjou-disposent-de-points-de-vente-dhuile-vegetale\/\">Lutte contre l\u2019inflation\u00a0: Bertoua et Mandjou disposent de points de vente d\u2019huile v\u00e9g\u00e9tale<\/a><\/strong><\/p>\n<p>Pour rappel, \u00e0 propos des r\u00e9fugi\u00e9s centrafricains accus\u00e9s de faire le lit de l\u2019inflation \u00e0 Bertoua, entre 2003 et 2021, ils sont plus de 300 000 \u00e0 avoir fui les hostilit\u00e9s dues aux crises successives qu\u2019a connues leur pays. Selon Adamou Abdon, le maire de Garoua-Boula\u00ef, ville frontali\u00e8re avec la R\u00e9publique centrafricaine (RCA), \u00ab\u00a0notre commune abrite actuellement 50 706 r\u00e9fugi\u00e9s centrafricains, soit 36% de notre population estim\u00e9e \u00e0 89 036 habitants. A leur arriv\u00e9e, il y avait plusieurs organismes humanitaires qui s\u2019occupaient d\u2019eux. Aujourd\u2019hui, beaucoup sont partis, les aides ne viennent plus constamment et ces r\u00e9fugi\u00e9s \u00e9prouvent d\u2019\u00e9normes difficult\u00e9s pour leur survie\u00a0\u00bb. Sa commune abrite d\u2019ailleurs l\u2019un des plus grands camps de r\u00e9fugi\u00e9s \u00e0 Gado-Badz\u00e9r\u00e9 o\u00f9 vivent, selon des statistiques officielles de janvier 2022, pr\u00e8s de 30\u00a0000 \u00e2mes. Malgr\u00e9 les appuis multiformes des agences humanitaires, leur pr\u00e9sence exerce une pression suppl\u00e9mentaire sur les ressources naturelles d\u00e9j\u00e0 insuffisantes et sur les services sociaux de base disponibles pour les communaut\u00e9s d\u2019accueil. A ces difficult\u00e9s s\u2019ajoute la r\u00e9duction de moiti\u00e9, depuis 2021, des budgets consacr\u00e9s \u00e0 l\u2019humanitaire alors que les besoins en \u00e9ducation, sant\u00e9 et nutrition des victimes de guerre augmentent.<\/p>\n<p><strong>Lire aussi<\/strong> : <strong><a href=\"https:\/\/ecomatin.net\/inflation-le-litre-dhuile-vegetale-e-grimpe-a-2000-fcfa-a-bertoua\/\">Inflation : le litre d\u2019huile v\u00e9g\u00e9tale grimpe \u00e0 2000 FCFA \u00e0 Bertoua<\/a><\/strong><\/p>\n<p>L\u2019article <a rel=\"nofollow\" href=\"https:\/\/ecomatin.net\/inflation-bertoua-ville-la-plus-chere-e-de-2016-a-2021\/\">Inflation\u00a0: Bertoua, ville la plus ch\u00e8re de 2016 \u00e0 2021<\/a> est apparu en premier sur <a rel=\"nofollow\" href=\"https:\/\/ecomatin.net\/\">EcoMatin<\/a>.<\/p>\n<\/div>\n<p>Auteur: Bernard Bangda<br \/>\n<a href=\"https:\/\/ecomatin.net\/inflation-bertoua-ville-la-plus-chere-e-de-2016-a-2021\/\">Cliquez ici pour lire l&rsquo;article depuis sa source.<\/a><\/p>\n","protected":false},"excerpt":{"rendered":"<p>Avec un taux d\u2019inflation de l\u2019ordre de 16,4%, la ville de Bertoua, chef-lieu de la r\u00e9gion de l\u2019Est, est la plus ch\u00e8re du Cameroun de 2016 \u00e0 2021. L\u2019information est contenue dans la r\u00e9cente note hors-s\u00e9rie de l\u2019INS sur l\u2019\u00e9volution de l\u2019inflation au Cameroun. Selon ce document, le trio de t\u00eate des villes les plus [&hellip;]<\/p>\n","protected":false},"author":1969,"featured_media":0,"comment_status":"closed","ping_status":"closed","sticky":false,"template":"","format":"standard","meta":{"fifu_image_url":"","fifu_image_alt":"","footnotes":""},"categories":[82,78],"tags":[],"class_list":["post-141838","post","type-post","status-publish","format-standard","hentry","category-cameroun","category-economie"],"_links":{"self":[{"href":"https:\/\/linitiative.ca\/International\/wp-json\/wp\/v2\/posts\/141838","targetHints":{"allow":["GET"]}}],"collection":[{"href":"https:\/\/linitiative.ca\/International\/wp-json\/wp\/v2\/posts"}],"about":[{"href":"https:\/\/linitiative.ca\/International\/wp-json\/wp\/v2\/types\/post"}],"author":[{"embeddable":true,"href":"https:\/\/linitiative.ca\/International\/wp-json\/wp\/v2\/users\/1969"}],"replies":[{"embeddable":true,"href":"https:\/\/linitiative.ca\/International\/wp-json\/wp\/v2\/comments?post=141838"}],"version-history":[{"count":0,"href":"https:\/\/linitiative.ca\/International\/wp-json\/wp\/v2\/posts\/141838\/revisions"}],"wp:attachment":[{"href":"https:\/\/linitiative.ca\/International\/wp-json\/wp\/v2\/media?parent=141838"}],"wp:term":[{"taxonomy":"category","embeddable":true,"href":"https:\/\/linitiative.ca\/International\/wp-json\/wp\/v2\/categories?post=141838"},{"taxonomy":"post_tag","embeddable":true,"href":"https:\/\/linitiative.ca\/International\/wp-json\/wp\/v2\/tags?post=141838"}],"curies":[{"name":"wp","href":"https:\/\/api.w.org\/{rel}","templated":true}]}}