{"id":141839,"date":"2022-02-26T12:47:28","date_gmt":"2022-02-26T17:47:28","guid":{"rendered":"https:\/\/linitiative.ca\/International\/energies-renouvelables-selon-le-minee-le-cameroun-dispose-dune-centaine-de-centrales-photovoltaiques\/"},"modified":"2022-02-26T12:47:28","modified_gmt":"2022-02-26T17:47:28","slug":"energies-renouvelables-selon-le-minee-le-cameroun-dispose-dune-centaine-de-centrales-photovoltaiques","status":"publish","type":"post","link":"https:\/\/linitiative.ca\/International\/energies-renouvelables-selon-le-minee-le-cameroun-dispose-dune-centaine-de-centrales-photovoltaiques\/","title":{"rendered":"Energies renouvelables\u00a0: selon le Minee le Cameroun dispose d\u2019une centaine de centrales photovolta\u00efques"},"content":{"rendered":"<div>\n<p>Selon le ministre de l\u2019Eau et de l\u2019Energie (Minee), le Cameroun est dot\u00e9 d\u2019une centaine de centrales photovolta\u00efques. Gaston Eloundou Essomba faisait cette r\u00e9v\u00e9lation \u00e0 Yaound\u00e9 au cours d\u2019un entretien qu\u2019il a eu le 23 f\u00e9vrier 2022 avec des responsables de l\u2019association camerounaise pour la promotion des \u00e9nergies renouvelables (ACER) et du Syndicat des \u00e9nergies renouvelables de France (SER). Ces centrales permettent d\u2019alimenter les m\u00e9nages dans des localit\u00e9s non connect\u00e9es au r\u00e9seau \u00e9lectrique. Selon les chiffres de 2014 de l\u2019Agence internationale de l\u2019\u00e9nergie (AIE), les m\u00e9nages consomment pr\u00e8s de 70% de l\u2019\u00e9nergie produite au Cameroun. \u00ab\u00a0Ces centrales photovolta\u00efques, reconna\u00eet le Minee, constituent les premiers pas de notre pays dans le secteur des \u00e9nergies renouvelables.\u00a0\u00bb Et cela semble bien tomber. Les h\u00f4tes de M. Eloundou Essomba sont all\u00e9s \u00e0 sa rencontre pour discuter avec lui des possibilit\u00e9s d\u2019investissements au Cameroun dans les \u00e9nergies tir\u00e9es notamment du soleil, du vent, de la biomasse, et de la mini-hydro\u00e9lectricit\u00e9.<\/p>\n<p><strong>Lire aussi<\/strong> : <strong><a href=\"https:\/\/ecomatin.net\/cooperation-sri-lanka-cameroun-bientot-100-mw-denergie-solaire\/\">Coop\u00e9ration Sri-Lanka-Cameroun : bient\u00f4t 100 Mw d\u2019\u00e9nergie solaire<\/a><\/strong><\/p>\n<p>Le Cameroun a un potentiel en grande partie non utilis\u00e9e. Selon les statistiques de 2014 de l\u2019AIE, l\u2019irradiation solaire moyenne du Cameroun est d\u2019environ 5kWh\/m2\/jour pas loin de la moyenne africaine qui est de 5,8\u00a0kWh\/m2\/jour d\u2019apr\u00e8s les chiffres de 2016 de l\u2019Agence internationale des \u00e9nergies renouvelables (Irena). Une capacit\u00e9 de production qui assoit le projet d\u2019Eneo Cameroun de construire des centrales photovolta\u00efques en rel\u00e8ve de centrales diesel existantes, qui continueraient \u00e0 fonctionner le soir. Par ailleurs, le potentiel solaire du Cameroun a suscit\u00e9 au Minee un programme de mini-centrales solaires dans 166 localit\u00e9s \u00e0 moyen terme.<\/p>\n<p>Le projet se d\u00e9roulera en plusieurs phases, dont la premi\u00e8re comprendra des centrales solaires dans les communes de Djoum, Lomi\u00e9, Bertoua, Yokadouma et Ngaoundal\u00a0; une deuxi\u00e8me phase s\u2019\u00e9tendrait aux 25 centrales diesel isol\u00e9es d\u2019Eneo\u00a0; cela permettra d\u2019\u00e9conomiser du combustible et d\u2019am\u00e9liorer la couverture de la demande\u00a0; mais le co\u00fbt est deux \u00e0 quatre fois sup\u00e9rieur au tarif moyen de vente du kWh.<\/p>\n<p><strong>Lire aussi<\/strong> : <strong><a href=\"https:\/\/ecomatin.net\/eneo-met-en-service-sa-la-deuxieme-station-photovoltaique-a-lomie\/\">Eneo met en service sa deuxi\u00e8me station photovolta\u00efque \u00e0 Lomi\u00e9<\/a><\/strong><\/p>\n<p>Les chiffres de l\u2019AIE ne sont pas seulement favorables au Cameroun dans le domaine du solaire. Avec des vitesses de vent sup\u00e9rieures \u00e0\u00a02\u00a0m\/s\u00a0au nord dans les r\u00e9gions de\u00a0Ka\u00e9l\u00e9\u00a0et du\u00a0Lac Tchad, et jusqu\u2019\u00e0\u00a06,6\u00a0m\/s\u00a0sur les\u00a0Monts Bamboutos\u00a0au sud, le pays peut d\u00e9velopper des projets dans l\u2019\u00e9olien. Tout comme dans la g\u00e9othermie o\u00f9 on d\u00e9c\u00e8le des potentiels dans les localit\u00e9s de Meiganga et Tign\u00e8re, dans l\u2019Adamaoua, Ekondo Titi et Nwa, dans le Sud-ouest.<\/p>\n<p>Pour ce qui est de la mini-hydro\u00e9lectricit\u00e9, le Minee a indiqu\u00e9 que \u00ab\u00a0le Cameroun compte 50 sites \u00e0 fort potentiel d\u00e9j\u00e0 identifi\u00e9s \u00e0 travers le pays, avec un projet pilote d\u2019une capacit\u00e9 de 1,4 MW r\u00e9alis\u00e9 \u00e0 Mbakaou-Carri\u00e8re dans la r\u00e9gion de l\u2019Adamaoua destin\u00e9 \u00e0 la ville de Tibati\u00a0\u00bb. Selon Gaston Eloundou Essomba, \u00ab\u00a0l\u2019inauguration de ce projet est imminent\u00a0\u00bb.<\/p>\n<p>Devant tant de bonnes nouvelles, les membres du SER ont r\u00e9it\u00e9r\u00e9 leur souhait de faire partie de l\u2019aventure de promotion des \u00e9nergies renouvelables au Cameroun.<\/p>\n<p><strong>Lire aussi<\/strong> : <strong><a href=\"https:\/\/ecomatin.net\/lagence-delectrification-rurale-bientot-aux-commandes-de-350-localites-alimentees-par-des-centrales-solaires\/\">L\u2019Agence d\u2019\u00e9lectrification rurale bient\u00f4t aux commandes de 350 localit\u00e9s aliment\u00e9es par des centrales solaires<\/a><\/strong><\/p>\n<p>Pour rappel, en ce qui concerne l\u2019acc\u00e8s \u00e0 l\u2019\u00e9lectricit\u00e9, selon l\u2019indice mondial de la performance de l\u2019architecture \u00e9nerg\u00e9tique Global Energy Architecture Performance Index Report 2017, produit par le Forum \u00e9conomique mondial et le cabinet de conseil Accenture Strategy, avec un taux d\u2019\u00e9lectrification de 53,70%, le Cameroun est class\u00e9 11\u00e8me sur les 24 pays africains. En 2014, la consommation d\u2019\u00e9lectricit\u00e9 par habitant au Cameroun \u00e9tait de 274\u00a0kWh, soit seulement 9\u00a0% de la moyenne mondiale (3\u00a0030\u00a0kWh).<\/p>\n<p>L\u2019article <a rel=\"nofollow\" href=\"https:\/\/ecomatin.net\/energies-renouvelables-selon-le-minee-le-cameroun-dispose-dune-centaine-de-centrales-photovoltaiques\/\">Energies renouvelables\u00a0: selon le Minee le Cameroun dispose d\u2019une centaine de centrales photovolta\u00efques<\/a> est apparu en premier sur <a rel=\"nofollow\" href=\"https:\/\/ecomatin.net\/\">EcoMatin<\/a>.<\/p>\n<\/div>\n<p>Auteur: Bernard Bangda<br \/>\n<a href=\"https:\/\/ecomatin.net\/energies-renouvelables-selon-le-minee-le-cameroun-dispose-dune-centaine-de-centrales-photovoltaiques\/\">Cliquez ici pour lire l&rsquo;article depuis sa source.<\/a><\/p>\n","protected":false},"excerpt":{"rendered":"<p>Selon le ministre de l\u2019Eau et de l\u2019Energie (Minee), le Cameroun est dot\u00e9 d\u2019une centaine de centrales photovolta\u00efques. Gaston Eloundou Essomba faisait cette r\u00e9v\u00e9lation \u00e0 Yaound\u00e9 au cours d\u2019un entretien qu\u2019il a eu le 23 f\u00e9vrier 2022 avec des responsables de l\u2019association camerounaise pour la promotion des \u00e9nergies renouvelables (ACER) et du Syndicat des \u00e9nergies [&hellip;]<\/p>\n","protected":false},"author":1969,"featured_media":0,"comment_status":"closed","ping_status":"closed","sticky":false,"template":"","format":"standard","meta":{"fifu_image_url":"","fifu_image_alt":"","footnotes":""},"categories":[82,78],"tags":[],"class_list":["post-141839","post","type-post","status-publish","format-standard","hentry","category-cameroun","category-economie"],"_links":{"self":[{"href":"https:\/\/linitiative.ca\/International\/wp-json\/wp\/v2\/posts\/141839","targetHints":{"allow":["GET"]}}],"collection":[{"href":"https:\/\/linitiative.ca\/International\/wp-json\/wp\/v2\/posts"}],"about":[{"href":"https:\/\/linitiative.ca\/International\/wp-json\/wp\/v2\/types\/post"}],"author":[{"embeddable":true,"href":"https:\/\/linitiative.ca\/International\/wp-json\/wp\/v2\/users\/1969"}],"replies":[{"embeddable":true,"href":"https:\/\/linitiative.ca\/International\/wp-json\/wp\/v2\/comments?post=141839"}],"version-history":[{"count":0,"href":"https:\/\/linitiative.ca\/International\/wp-json\/wp\/v2\/posts\/141839\/revisions"}],"wp:attachment":[{"href":"https:\/\/linitiative.ca\/International\/wp-json\/wp\/v2\/media?parent=141839"}],"wp:term":[{"taxonomy":"category","embeddable":true,"href":"https:\/\/linitiative.ca\/International\/wp-json\/wp\/v2\/categories?post=141839"},{"taxonomy":"post_tag","embeddable":true,"href":"https:\/\/linitiative.ca\/International\/wp-json\/wp\/v2\/tags?post=141839"}],"curies":[{"name":"wp","href":"https:\/\/api.w.org\/{rel}","templated":true}]}}