{"id":141840,"date":"2022-02-26T13:38:25","date_gmt":"2022-02-26T18:38:25","guid":{"rendered":"https:\/\/linitiative.ca\/International\/cameroun-ue-les-echanges-commerciaux-patissent-de-la-meconnaissance-des-ape\/"},"modified":"2022-02-26T13:38:25","modified_gmt":"2022-02-26T18:38:25","slug":"cameroun-ue-les-echanges-commerciaux-patissent-de-la-meconnaissance-des-ape","status":"publish","type":"post","link":"https:\/\/linitiative.ca\/International\/cameroun-ue-les-echanges-commerciaux-patissent-de-la-meconnaissance-des-ape\/","title":{"rendered":"Cameroun-UE : les \u00e9changes commerciaux p\u00e2tissent de la m\u00e9connaissance des APE"},"content":{"rendered":"<div>\n<p>Ces derni\u00e8res ann\u00e9es, gr\u00e2ce aux accords de partenariat \u00e9conomiques (APE) sign\u00e9s entre le Cameroun et plusieurs pays d\u2019Europe regroup\u00e9s au sein de l\u2019Union europ\u00e9enne (UE), l\u2019Etat Camerounais a augment\u00e9 de mani\u00e8re quantitative ces exportations vers le march\u00e9 europ\u00e9en. Selon des chiffres qui ont \u00e9t\u00e9 r\u00e9cemment rendus publics par la d\u00e9l\u00e9gation de l\u2019UE au Cameroun, le volume des marchandises export\u00e9es vers les pays de l\u2019organisation internationale suscit\u00e9e, repr\u00e9sente une valeur globale de 1,7 milliards d\u2019euros, soit plus de 1000 milliards de Fcfa. Contre 2,108 millions d\u2019euros (1,3 milliards de Fcfa) en 2019. Il s\u2019agit principalement de mati\u00e8res premi\u00e8res. Notamment le cacao (37%), le p\u00e9trole (33%), du bois (12%) des bananes (9%) et de l\u2019aluminium (4%) Toutefois, malgr\u00e9 la lev\u00e9e du verrou des contraintes fiscalo-douani\u00e8res, et l\u2019absence de limitation sur la quantit\u00e9 des marchandises destin\u00e9es \u00e0 l\u2019exportation et \u00e0 l\u2019importation, conc\u00e9d\u00e9es au Cameroun dans le cadre des APE, les entreprises locales ne profitent que minimalement de celles-ci.\u00a0 Une situation qui est essentiellement due au non-respect\u00a0 des exigences europ\u00e9ennes de base en mati\u00e8re\u00a0 sanitaire, de s\u00e9curit\u00e9 et d\u2019origine. Elles-m\u00eames d\u00e9coulant de la m\u00e9connaissance des conditions \u00e0 remplir\u00a0 pour b\u00e9n\u00e9ficier des avantages des APE et ainsi pr\u00e9tendre\u00a0 \u00e0 une accession au march\u00e9 europ\u00e9en qui compte pas moins de 450 millions de consommateurs potentiels. Du moins c\u2019est ce que pr\u00e9tend Samuel Yemeli, un expert convi\u00e9 \u00e0 l\u2019atelier organis\u00e9 par la d\u00e9l\u00e9gation de l\u2019Union europ\u00e9enne au Cameroun.<\/p>\n<p><strong>Lire aussi<\/strong> : <strong><a href=\"https:\/\/ecomatin.net\/ape-les-grandes-entreprises-ont-beneficie-de-pres-s-de-28-milliards-de-fcfa-de-gains-fiscaux-en-5-ans\/\">APE : les grandes entreprises ont b\u00e9n\u00e9fici\u00e9 de pr\u00e8s de 28 milliards de FCFA de gains fiscaux en 5 ans<\/a><\/strong><\/p>\n<p>\u00abSi le entreprises respectaient les crit\u00e8res pour b\u00e9n\u00e9ficier des avantages des APE, ils auraient r\u00e9alis\u00e9 des gains beaucoup plus importants. On a constat\u00e9 que beaucoup ne connaissaient pas et ne maitrisaient pas les conditions d\u2019acc\u00e8s \u00e0 la pr\u00e9f\u00e9rence APE. Parce que pour en b\u00e9n\u00e9ficier, il faut pouvoir prouver que\u00a0 tu respectes les r\u00e8gles \u00e9tablies.\u00bb, a-t-il soulign\u00e9. En termes de statistiques, ce dernier indique\u00a0 que \u00ab Sur l\u2019utilisation de la pr\u00e9f\u00e9rence APE au niveau de l\u2019exportation on est en moyenne sur une utilisation de 26%. Au niveau de l\u2019importation, si on regarde le nombre d\u2019op\u00e9rations \u00e9ligibles \u00e0 l\u2019application de l\u2019APE on a eu environ, au cours des 5 premi\u00e8res ann\u00e9es, 241 000 op\u00e9rations \u00e9ligibles et 31 000 simplement qui en ont b\u00e9n\u00e9fici\u00e9. Ce qui fait en moyenne une utilisation de 13,21%. En termes d\u2019importations en valeurs, nous avons 26,5% des importations en valeur qui ont b\u00e9n\u00e9fici\u00e9 de la pr\u00e9f\u00e9rence APE.\u00bb.\u00a0 Pour lui, ces chiffres sont l\u00e9g\u00e8rement en de\u00e7\u00e0 des attentes. Pour les am\u00e9liorer, il pr\u00e9conise une accentuation de la sensibilisation et de la Communication autour des APE.<\/p>\n<p><strong>Lire aussi<\/strong> : <strong><a href=\"https:\/\/ecomatin.net\/echanges-exterieurs-les-operateurs-economiques-camerounais-boudent-lape\/\">\u00c9changes ext\u00e9rieurs : les op\u00e9rateurs \u00e9conomiques camerounais boudent l\u2019APE<\/a><\/strong><\/p>\n<p>Un avis que partage enti\u00e8rement Kinga Malinowska, membre de la section commerce de la d\u00e9l\u00e9gation de l\u2019Union europ\u00e9enne au Cameroun. \u00abIl faut un partenariat renforc\u00e9 avec les autorit\u00e9s camerounaises. Ce travail doit se faire en tandem. On ne peut pas faire \u00e0 nous seuls. Ce n\u2019est pas uniquement l\u2019Union europ\u00e9enne qui pourra arriver dans tous les coins du Cameroun pour pr\u00e9senter les avantages des APE pour les entreprises camerounaises Il faut que le message passe, car il y a \u00e9norm\u00e9ment d\u2019avantages pour les entreprises camerounaises \u00e0 utiliser l\u2019accord de partenariat \u00e9conomique pour pouvoir exporter vers l\u2019Europe sans droits de douane ; et\u00a0 importer des intrants ou des machines pour produire mieux et faire de meilleurs affaires. L\u2019ape est certainement tr\u00e8s b\u00e9n\u00e9fique\u00a0 pour le Cameroun, il faut qu\u2019il soit mieux connu. C\u2019est pour \u00e7a que cet \u00e9v\u00e8nement s\u2019est tenue aujourd\u2019hui\u00bb, a-t-elle d\u00e9clar\u00e9.<\/p>\n<p><strong>Lire aussi <\/strong>: <strong><a href=\"https:\/\/ecomatin.net\/dangote-eneo-guinness-qui-sont-les-principaux-beneficiaires-des-ape\/\">Dangote, Eneo, Guinness\u2026 : qui sont les principaux b\u00e9n\u00e9ficiaires des APE ?<\/a><\/strong><\/p>\n<p>L\u2019article <a rel=\"nofollow\" href=\"https:\/\/ecomatin.net\/cameroun-ue-les-echanges-commerciaux-patissent-de-la-meconnaissance-des-ape\/\">Cameroun-UE : les \u00e9changes commerciaux p\u00e2tissent de la m\u00e9connaissance des APE<\/a> est apparu en premier sur <a rel=\"nofollow\" href=\"https:\/\/ecomatin.net\/\">EcoMatin<\/a>.<\/p>\n<\/div>\n<p>Auteur: Cindy MBALA<br \/>\n<a href=\"https:\/\/ecomatin.net\/cameroun-ue-les-echanges-commerciaux-patissent-de-la-meconnaissance-des-ape\/\">Cliquez ici pour lire l&rsquo;article depuis sa source.<\/a><\/p>\n","protected":false},"excerpt":{"rendered":"<p>Ces derni\u00e8res ann\u00e9es, gr\u00e2ce aux accords de partenariat \u00e9conomiques (APE) sign\u00e9s entre le Cameroun et plusieurs pays d\u2019Europe regroup\u00e9s au sein de l\u2019Union europ\u00e9enne (UE), l\u2019Etat Camerounais a augment\u00e9 de mani\u00e8re quantitative ces exportations vers le march\u00e9 europ\u00e9en. Selon des chiffres qui ont \u00e9t\u00e9 r\u00e9cemment rendus publics par la d\u00e9l\u00e9gation de l\u2019UE au Cameroun, le [&hellip;]<\/p>\n","protected":false},"author":1969,"featured_media":0,"comment_status":"closed","ping_status":"closed","sticky":false,"template":"","format":"standard","meta":{"fifu_image_url":"","fifu_image_alt":"","footnotes":""},"categories":[82,78],"tags":[],"class_list":["post-141840","post","type-post","status-publish","format-standard","hentry","category-cameroun","category-economie"],"_links":{"self":[{"href":"https:\/\/linitiative.ca\/International\/wp-json\/wp\/v2\/posts\/141840","targetHints":{"allow":["GET"]}}],"collection":[{"href":"https:\/\/linitiative.ca\/International\/wp-json\/wp\/v2\/posts"}],"about":[{"href":"https:\/\/linitiative.ca\/International\/wp-json\/wp\/v2\/types\/post"}],"author":[{"embeddable":true,"href":"https:\/\/linitiative.ca\/International\/wp-json\/wp\/v2\/users\/1969"}],"replies":[{"embeddable":true,"href":"https:\/\/linitiative.ca\/International\/wp-json\/wp\/v2\/comments?post=141840"}],"version-history":[{"count":0,"href":"https:\/\/linitiative.ca\/International\/wp-json\/wp\/v2\/posts\/141840\/revisions"}],"wp:attachment":[{"href":"https:\/\/linitiative.ca\/International\/wp-json\/wp\/v2\/media?parent=141840"}],"wp:term":[{"taxonomy":"category","embeddable":true,"href":"https:\/\/linitiative.ca\/International\/wp-json\/wp\/v2\/categories?post=141840"},{"taxonomy":"post_tag","embeddable":true,"href":"https:\/\/linitiative.ca\/International\/wp-json\/wp\/v2\/tags?post=141840"}],"curies":[{"name":"wp","href":"https:\/\/api.w.org\/{rel}","templated":true}]}}