{"id":141841,"date":"2022-02-27T11:36:36","date_gmt":"2022-02-27T16:36:36","guid":{"rendered":"https:\/\/linitiative.ca\/International\/covid-19-maroc-la-situation-epidemiologique-au-27-fevrier-2022-a-16h00\/"},"modified":"2022-02-27T11:36:36","modified_gmt":"2022-02-27T16:36:36","slug":"covid-19-maroc-la-situation-epidemiologique-au-27-fevrier-2022-a-16h00","status":"publish","type":"post","link":"https:\/\/linitiative.ca\/International\/covid-19-maroc-la-situation-epidemiologique-au-27-fevrier-2022-a-16h00\/","title":{"rendered":"Covid-19 \/ Maroc : La situation \u00e9pid\u00e9miologique au 27 f\u00e9vrier 2022 \u00e0 16H00"},"content":{"rendered":"<div>\n<p><img loading=\"lazy\" decoding=\"async\" width=\"300\" height=\"153\" src=\"https:\/\/linitiative.ca\/International\/wp-content\/uploads\/sites\/23\/2022\/02\/Variant-Omicron-Covid19-Coronavirus-Maroc-300x153-2.jpg\" class=\"attachment-medium size-medium wp-post-image\" alt=\"\" srcset=\"https:\/\/linitiative.ca\/International\/wp-content\/uploads\/sites\/23\/2022\/02\/Variant-Omicron-Covid19-Coronavirus-Maroc-300x153-2.jpg 300w, https:\/\/aujourdhui.ma\/wp-content\/uploads\/2022\/02\/Variant-Omicron-Covid19-Coronavirus-Maroc-274x140.jpg 274w, https:\/\/aujourdhui.ma\/wp-content\/uploads\/2022\/02\/Variant-Omicron-Covid19-Coronavirus-Maroc.jpg 746w, https:\/\/aujourdhui.ma\/wp-content\/uploads\/2022\/02\/Variant-Omicron-Covid19-Coronavirus-Maroc-165x84.jpg 165w, https:\/\/aujourdhui.ma\/wp-content\/uploads\/2022\/02\/Variant-Omicron-Covid19-Coronavirus-Maroc-702x358.jpg 702w\" sizes=\"auto, (max-width: 300px) 100vw, 300px\"><\/p>\n<p>142 nouveaux cas soit un cumul de 1.160.892 cas \u00e0 ce jour.<br \/>\n464 gu\u00e9risons soit un cumul de 1.140.157 \u00e0 ce jour.<br \/>\n8 nouveaux d\u00e9c\u00e8s donc un cumul de 15.978 \u00e0 ce jour.<\/p>\n<p><strong>Nombre de personnes vaccin\u00e9es au 27 f\u00e9vrier 16H00<\/strong><\/p>\n<p>1\u00e8re dose :\u00a0<strong>24 745 317<\/strong><\/p>\n<p>2\u00e8me dose :\u00a0<strong>23 195 039<\/strong><\/p>\n<p>3\u00e8me dose :<strong> 5 700 691<br \/>\n<\/strong><\/p>\n<\/div>\n<p>Auteur: ALM<br \/>\n<a href=\"https:\/\/aujourdhui.ma\/actualite\/covid-19-maroc-la-situation-epidemiologique-au-27-fevrier-2022-a-16h00\">Cliquez ici pour lire l&rsquo;article depuis sa source.<\/a><\/p>\n","protected":false},"excerpt":{"rendered":"<p>142 nouveaux cas soit un cumul de 1.160.892 cas \u00e0 ce jour. 464 gu\u00e9risons soit un cumul de 1.140.157 \u00e0 ce jour. 8 nouveaux d\u00e9c\u00e8s donc un cumul de 15.978 \u00e0 ce jour. Nombre de personnes vaccin\u00e9es au 27 f\u00e9vrier 16H00 1\u00e8re dose :\u00a024 745 317 2\u00e8me dose :\u00a023 195 039 3\u00e8me dose : 5 [&hellip;]<\/p>\n","protected":false},"author":1759,"featured_media":0,"comment_status":"closed","ping_status":"closed","sticky":false,"template":"","format":"standard","meta":{"fifu_image_url":"https:\/\/aujourdhui.ma\/wp-content\/uploads\/2022\/02\/Variant-Omicron-Covid19-Coronavirus-Maroc-300x153.jpg","fifu_image_alt":"Covid-19 \/ Maroc : La situation \u00e9pid\u00e9miologique au 27 f\u00e9vrier 2022 \u00e0 16H00","footnotes":""},"categories":[73,54],"tags":[],"class_list":["post-141841","post","type-post","status-publish","format-standard","hentry","category-actualite","category-maroc"],"_links":{"self":[{"href":"https:\/\/linitiative.ca\/International\/wp-json\/wp\/v2\/posts\/141841","targetHints":{"allow":["GET"]}}],"collection":[{"href":"https:\/\/linitiative.ca\/International\/wp-json\/wp\/v2\/posts"}],"about":[{"href":"https:\/\/linitiative.ca\/International\/wp-json\/wp\/v2\/types\/post"}],"author":[{"embeddable":true,"href":"https:\/\/linitiative.ca\/International\/wp-json\/wp\/v2\/users\/1759"}],"replies":[{"embeddable":true,"href":"https:\/\/linitiative.ca\/International\/wp-json\/wp\/v2\/comments?post=141841"}],"version-history":[{"count":0,"href":"https:\/\/linitiative.ca\/International\/wp-json\/wp\/v2\/posts\/141841\/revisions"}],"wp:attachment":[{"href":"https:\/\/linitiative.ca\/International\/wp-json\/wp\/v2\/media?parent=141841"}],"wp:term":[{"taxonomy":"category","embeddable":true,"href":"https:\/\/linitiative.ca\/International\/wp-json\/wp\/v2\/categories?post=141841"},{"taxonomy":"post_tag","embeddable":true,"href":"https:\/\/linitiative.ca\/International\/wp-json\/wp\/v2\/tags?post=141841"}],"curies":[{"name":"wp","href":"https:\/\/api.w.org\/{rel}","templated":true}]}}