{"id":141848,"date":"2022-02-27T06:00:00","date_gmt":"2022-02-27T11:00:00","guid":{"rendered":"https:\/\/linitiative.ca\/International\/des-meubles-dalgerie-en-vente-aux-encheres-a-marseille\/"},"modified":"2022-02-27T06:00:00","modified_gmt":"2022-02-27T11:00:00","slug":"des-meubles-dalgerie-en-vente-aux-encheres-a-marseille","status":"publish","type":"post","link":"https:\/\/linitiative.ca\/International\/des-meubles-dalgerie-en-vente-aux-encheres-a-marseille\/","title":{"rendered":"Des meubles d\u2019Alg\u00e9rie en vente aux ench\u00e8res \u00e0 Marseille"},"content":{"rendered":"<div>Des meubles d\u2019Alg\u00e9rie datant du d\u00e9but des ann\u00e9es 1900 seront mis, aujourd\u2019hui, aux ench\u00e8res \u00e0 l\u2019H\u00f4tel des ventes Prado-Falque de Marseille.<br \/>\nFaisant partie des 700 lots d\u2019objets d\u2019art<\/div>\n<p>Auteur:<br \/>\n<a href=\"https:\/\/www.liberte-algerie.com\/radar\/des-meubles-dalgerie-en-vente-aux-encheres-a-marseille-374018\">Cliquez ici pour lire l&rsquo;article depuis sa source.<\/a><\/p>\n","protected":false},"excerpt":{"rendered":"<p>Des meubles d\u2019Alg\u00e9rie datant du d\u00e9but des ann\u00e9es 1900 seront mis, aujourd\u2019hui, aux ench\u00e8res \u00e0 l\u2019H\u00f4tel des ventes Prado-Falque de Marseille. Faisant partie des 700 lots d\u2019objets d\u2019art Auteur: Cliquez ici pour lire l&rsquo;article depuis sa source.<\/p>\n","protected":false},"author":1742,"featured_media":0,"comment_status":"closed","ping_status":"closed","sticky":false,"template":"","format":"standard","meta":{"fifu_image_url":"","fifu_image_alt":"","footnotes":""},"categories":[73,53],"tags":[],"class_list":["post-141848","post","type-post","status-publish","format-standard","hentry","category-actualite","category-algerie"],"_links":{"self":[{"href":"https:\/\/linitiative.ca\/International\/wp-json\/wp\/v2\/posts\/141848","targetHints":{"allow":["GET"]}}],"collection":[{"href":"https:\/\/linitiative.ca\/International\/wp-json\/wp\/v2\/posts"}],"about":[{"href":"https:\/\/linitiative.ca\/International\/wp-json\/wp\/v2\/types\/post"}],"author":[{"embeddable":true,"href":"https:\/\/linitiative.ca\/International\/wp-json\/wp\/v2\/users\/1742"}],"replies":[{"embeddable":true,"href":"https:\/\/linitiative.ca\/International\/wp-json\/wp\/v2\/comments?post=141848"}],"version-history":[{"count":0,"href":"https:\/\/linitiative.ca\/International\/wp-json\/wp\/v2\/posts\/141848\/revisions"}],"wp:attachment":[{"href":"https:\/\/linitiative.ca\/International\/wp-json\/wp\/v2\/media?parent=141848"}],"wp:term":[{"taxonomy":"category","embeddable":true,"href":"https:\/\/linitiative.ca\/International\/wp-json\/wp\/v2\/categories?post=141848"},{"taxonomy":"post_tag","embeddable":true,"href":"https:\/\/linitiative.ca\/International\/wp-json\/wp\/v2\/tags?post=141848"}],"curies":[{"name":"wp","href":"https:\/\/api.w.org\/{rel}","templated":true}]}}