{"id":141854,"date":"2022-02-27T14:04:42","date_gmt":"2022-02-27T19:04:42","guid":{"rendered":"https:\/\/linitiative.ca\/International\/marocains-dukraine-ram-met-en-place-des-vols-speciaux\/"},"modified":"2022-02-27T14:04:42","modified_gmt":"2022-02-27T19:04:42","slug":"marocains-dukraine-ram-met-en-place-des-vols-speciaux","status":"publish","type":"post","link":"https:\/\/linitiative.ca\/International\/marocains-dukraine-ram-met-en-place-des-vols-speciaux\/","title":{"rendered":"Marocains d&rsquo;Ukraine: RAM met en place des vols sp\u00e9ciaux"},"content":{"rendered":"<div>\n<div class=\"field field-name-body field-type-text-with-summary field-label-hidden\">\n<div class=\"field-items\">\n<div class=\"field-item even\" property=\"content:encoded\">\n<p class=\"rtejustify\">Royal Air Maroc mettra en place des vols sp\u00e9ciaux en faveur de la communaut\u00e9 marocaine \u00e9tablie en Ukraine, majoritairement compos\u00e9e d\u2019\u00e9tudiants. En coordination avec les autorit\u00e9s marocaines, la compagnie nationale a mis en place ces vols, en raison de la fermeture de l\u2019espace a\u00e9rien ukrainien. Elle proposera des tarifs \u00ab\u00a0exceptionnels\u00a0\u00bb au d\u00e9part des pays limitrophes de l\u2019Ukraine.<\/p>\n<\/div>\n<\/div>\n<\/div>\n<\/div>\n<p>Auteur: hgueye<br \/>\n<a href=\"https:\/\/www.leconomiste.com\/flash-infos\/marocains-d-ukraine-ram-met-en-place-des-vols-speciaux\">Cliquez ici pour lire l&rsquo;article depuis sa source.<\/a><\/p>\n","protected":false},"excerpt":{"rendered":"<p>Royal Air Maroc mettra en place des vols sp\u00e9ciaux en faveur de la communaut\u00e9 marocaine \u00e9tablie en Ukraine, majoritairement compos\u00e9e d\u2019\u00e9tudiants. En coordination avec les autorit\u00e9s marocaines, la compagnie nationale a mis en place ces vols, en raison de la fermeture de l\u2019espace a\u00e9rien ukrainien. Elle proposera des tarifs \u00ab\u00a0exceptionnels\u00a0\u00bb au d\u00e9part des pays limitrophes [&hellip;]<\/p>\n","protected":false},"author":1763,"featured_media":0,"comment_status":"closed","ping_status":"closed","sticky":false,"template":"","format":"standard","meta":{"fifu_image_url":"","fifu_image_alt":"","footnotes":""},"categories":[78,54],"tags":[],"class_list":["post-141854","post","type-post","status-publish","format-standard","hentry","category-economie","category-maroc"],"_links":{"self":[{"href":"https:\/\/linitiative.ca\/International\/wp-json\/wp\/v2\/posts\/141854","targetHints":{"allow":["GET"]}}],"collection":[{"href":"https:\/\/linitiative.ca\/International\/wp-json\/wp\/v2\/posts"}],"about":[{"href":"https:\/\/linitiative.ca\/International\/wp-json\/wp\/v2\/types\/post"}],"author":[{"embeddable":true,"href":"https:\/\/linitiative.ca\/International\/wp-json\/wp\/v2\/users\/1763"}],"replies":[{"embeddable":true,"href":"https:\/\/linitiative.ca\/International\/wp-json\/wp\/v2\/comments?post=141854"}],"version-history":[{"count":0,"href":"https:\/\/linitiative.ca\/International\/wp-json\/wp\/v2\/posts\/141854\/revisions"}],"wp:attachment":[{"href":"https:\/\/linitiative.ca\/International\/wp-json\/wp\/v2\/media?parent=141854"}],"wp:term":[{"taxonomy":"category","embeddable":true,"href":"https:\/\/linitiative.ca\/International\/wp-json\/wp\/v2\/categories?post=141854"},{"taxonomy":"post_tag","embeddable":true,"href":"https:\/\/linitiative.ca\/International\/wp-json\/wp\/v2\/tags?post=141854"}],"curies":[{"name":"wp","href":"https:\/\/api.w.org\/{rel}","templated":true}]}}