{"id":141866,"date":"2022-02-27T04:52:22","date_gmt":"2022-02-27T09:52:22","guid":{"rendered":"https:\/\/linitiative.ca\/International\/guerre-russo-ukrainienne-le-maroc-se-prononce\/"},"modified":"2022-02-27T04:52:22","modified_gmt":"2022-02-27T09:52:22","slug":"guerre-russo-ukrainienne-le-maroc-se-prononce","status":"publish","type":"post","link":"https:\/\/linitiative.ca\/International\/guerre-russo-ukrainienne-le-maroc-se-prononce\/","title":{"rendered":"Guerre russo-ukrainienne. Le Maroc se prononce"},"content":{"rendered":"<div><img decoding=\"async\" width=\"729\" height=\"505\" src=\"https:\/\/linitiative.ca\/International\/wp-content\/uploads\/sites\/23\/2022\/02\/GUERRE-1.jpg\" class=\"attachment-post-thumbnail size-post-thumbnail wp-post-image\" alt=\"\" loading=\"lazy\" srcset=\"https:\/\/linitiative.ca\/International\/wp-content\/uploads\/sites\/23\/2022\/02\/GUERRE-1.jpg 729w, https:\/\/www.challenge.ma\/wp-content\/uploads\/2022\/02\/GUERRE-1-300x208.jpg 300w, https:\/\/www.challenge.ma\/wp-content\/uploads\/2022\/02\/GUERRE-1-360x249.jpg 360w\" sizes=\"auto, (max-width: 729px) 100vw, 729px\" itemprop=\"image\">Le Maroc suit avec inqui\u00e9tude l\u2019\u00e9volution de la situation entre la F\u00e9d\u00e9ration de Russie et l\u2019Ukraine. C\u2019est ce qu\u2019a indiqu\u00e9 hier samedi 26 f\u00e9vrier, le minist\u00e8re des Affaires \u00e9trang\u00e8res, de la Coop\u00e9ration africaine et des Marocains r\u00e9sidant \u00e0 l\u2019\u00e9tranger. Dans un communiqu\u00e9, le minist\u00e8re souligne que \u00ab\u00a0le Royaume du Maroc<\/div>\n<p>Auteur: challenge<br \/>\n<a href=\"https:\/\/www.challenge.ma\/guerre-russo-ukrainienne-le-maroc-se-prononce-233449\/\">Cliquez ici pour lire l&rsquo;article depuis sa source.<\/a><\/p>\n","protected":false},"excerpt":{"rendered":"<p>Le Maroc suit avec inqui\u00e9tude l\u2019\u00e9volution de la situation entre la F\u00e9d\u00e9ration de Russie et l\u2019Ukraine. C\u2019est ce qu\u2019a indiqu\u00e9 hier samedi 26 f\u00e9vrier, le minist\u00e8re des Affaires \u00e9trang\u00e8res, de la Coop\u00e9ration africaine et des Marocains r\u00e9sidant \u00e0 l\u2019\u00e9tranger. Dans un communiqu\u00e9, le minist\u00e8re souligne que \u00ab\u00a0le Royaume du Maroc Auteur: challenge Cliquez ici pour [&hellip;]<\/p>\n","protected":false},"author":1787,"featured_media":0,"comment_status":"closed","ping_status":"closed","sticky":false,"template":"","format":"standard","meta":{"fifu_image_url":"https:\/\/www.challenge.ma\/wp-content\/uploads\/2022\/02\/GUERRE-1.jpg","fifu_image_alt":"Guerre russo-ukrainienne. Le Maroc se prononce","footnotes":""},"categories":[78,54],"tags":[],"class_list":["post-141866","post","type-post","status-publish","format-standard","hentry","category-economie","category-maroc"],"_links":{"self":[{"href":"https:\/\/linitiative.ca\/International\/wp-json\/wp\/v2\/posts\/141866","targetHints":{"allow":["GET"]}}],"collection":[{"href":"https:\/\/linitiative.ca\/International\/wp-json\/wp\/v2\/posts"}],"about":[{"href":"https:\/\/linitiative.ca\/International\/wp-json\/wp\/v2\/types\/post"}],"author":[{"embeddable":true,"href":"https:\/\/linitiative.ca\/International\/wp-json\/wp\/v2\/users\/1787"}],"replies":[{"embeddable":true,"href":"https:\/\/linitiative.ca\/International\/wp-json\/wp\/v2\/comments?post=141866"}],"version-history":[{"count":0,"href":"https:\/\/linitiative.ca\/International\/wp-json\/wp\/v2\/posts\/141866\/revisions"}],"wp:attachment":[{"href":"https:\/\/linitiative.ca\/International\/wp-json\/wp\/v2\/media?parent=141866"}],"wp:term":[{"taxonomy":"category","embeddable":true,"href":"https:\/\/linitiative.ca\/International\/wp-json\/wp\/v2\/categories?post=141866"},{"taxonomy":"post_tag","embeddable":true,"href":"https:\/\/linitiative.ca\/International\/wp-json\/wp\/v2\/tags?post=141866"}],"curies":[{"name":"wp","href":"https:\/\/api.w.org\/{rel}","templated":true}]}}