{"id":141868,"date":"2022-02-27T05:49:06","date_gmt":"2022-02-27T10:49:06","guid":{"rendered":"https:\/\/linitiative.ca\/International\/covid-19-le-gouvernement-annule-lapplication-des-retenues-sur-les-salaires-des-fonctionnaires-nayant-pas-encore-acheve-leur-vaccination\/"},"modified":"2022-02-27T05:49:06","modified_gmt":"2022-02-27T10:49:06","slug":"covid-19-le-gouvernement-annule-lapplication-des-retenues-sur-les-salaires-des-fonctionnaires-nayant-pas-encore-acheve-leur-vaccination","status":"publish","type":"post","link":"https:\/\/linitiative.ca\/International\/covid-19-le-gouvernement-annule-lapplication-des-retenues-sur-les-salaires-des-fonctionnaires-nayant-pas-encore-acheve-leur-vaccination\/","title":{"rendered":"Covid-19. Le gouvernement annule l\u2019application des retenues sur les salaires des fonctionnaires n\u2019ayant pas encore achev\u00e9 leur vaccination"},"content":{"rendered":"<div><img decoding=\"async\" width=\"700\" height=\"400\" src=\"https:\/\/linitiative.ca\/International\/wp-content\/uploads\/sites\/23\/2022\/02\/passvaccinal.jpg\" class=\"attachment-post-thumbnail size-post-thumbnail wp-post-image\" alt=\"\" loading=\"lazy\" srcset=\"https:\/\/linitiative.ca\/International\/wp-content\/uploads\/sites\/23\/2022\/02\/passvaccinal.jpg 700w, https:\/\/www.challenge.ma\/wp-content\/uploads\/2022\/02\/passvaccinal-300x171.jpg 300w, https:\/\/www.challenge.ma\/wp-content\/uploads\/2022\/02\/passvaccinal-360x206.jpg 360w\" sizes=\"auto, (max-width: 700px) 100vw, 700px\" itemprop=\"image\">Apr\u00e8s la pol\u00e9mique enclench\u00e9e par l\u2019imposition du pass vaccinal, le gouvernement annonce ne plus appliquer la proc\u00e9dure de retenue sur les salaires des fonctionnaires et travailleurs des \u00e9tablissements publics n\u2019ayant pas achev\u00e9 leur sch\u00e9ma vaccinal. Mieux encore, il s\u2019engage \u00e0 restituer les sommes d\u00e9j\u00e0 ponctionn\u00e9es.\u00a0 Le minist\u00e8re de la Transition<\/div>\n<p>Auteur: challenge<br \/>\n<a href=\"https:\/\/www.challenge.ma\/covid-19-le-gouvernement-annule-lapplication-des-retenues-sur-les-salaires-des-fonctionnaires-nayant-pas-encore-acheve-leur-vaccination-233453\/\">Cliquez ici pour lire l&rsquo;article depuis sa source.<\/a><\/p>\n","protected":false},"excerpt":{"rendered":"<p>Apr\u00e8s la pol\u00e9mique enclench\u00e9e par l\u2019imposition du pass vaccinal, le gouvernement annonce ne plus appliquer la proc\u00e9dure de retenue sur les salaires des fonctionnaires et travailleurs des \u00e9tablissements publics n\u2019ayant pas achev\u00e9 leur sch\u00e9ma vaccinal. Mieux encore, il s\u2019engage \u00e0 restituer les sommes d\u00e9j\u00e0 ponctionn\u00e9es.\u00a0 Le minist\u00e8re de la Transition Auteur: challenge Cliquez ici pour [&hellip;]<\/p>\n","protected":false},"author":1787,"featured_media":0,"comment_status":"closed","ping_status":"closed","sticky":false,"template":"","format":"standard","meta":{"fifu_image_url":"https:\/\/www.challenge.ma\/wp-content\/uploads\/2022\/02\/passvaccinal.jpg","fifu_image_alt":"Covid-19. Le gouvernement annule l\u2019application des retenues sur les salaires des fonctionnaires n\u2019ayant pas encore achev\u00e9 leur vaccination","footnotes":""},"categories":[78,54],"tags":[],"class_list":["post-141868","post","type-post","status-publish","format-standard","hentry","category-economie","category-maroc"],"_links":{"self":[{"href":"https:\/\/linitiative.ca\/International\/wp-json\/wp\/v2\/posts\/141868","targetHints":{"allow":["GET"]}}],"collection":[{"href":"https:\/\/linitiative.ca\/International\/wp-json\/wp\/v2\/posts"}],"about":[{"href":"https:\/\/linitiative.ca\/International\/wp-json\/wp\/v2\/types\/post"}],"author":[{"embeddable":true,"href":"https:\/\/linitiative.ca\/International\/wp-json\/wp\/v2\/users\/1787"}],"replies":[{"embeddable":true,"href":"https:\/\/linitiative.ca\/International\/wp-json\/wp\/v2\/comments?post=141868"}],"version-history":[{"count":0,"href":"https:\/\/linitiative.ca\/International\/wp-json\/wp\/v2\/posts\/141868\/revisions"}],"wp:attachment":[{"href":"https:\/\/linitiative.ca\/International\/wp-json\/wp\/v2\/media?parent=141868"}],"wp:term":[{"taxonomy":"category","embeddable":true,"href":"https:\/\/linitiative.ca\/International\/wp-json\/wp\/v2\/categories?post=141868"},{"taxonomy":"post_tag","embeddable":true,"href":"https:\/\/linitiative.ca\/International\/wp-json\/wp\/v2\/tags?post=141868"}],"curies":[{"name":"wp","href":"https:\/\/api.w.org\/{rel}","templated":true}]}}