{"id":141870,"date":"2022-02-27T06:29:51","date_gmt":"2022-02-27T11:29:51","guid":{"rendered":"https:\/\/linitiative.ca\/International\/la-posture-dabraham-lincroyable-odyssee-du-marocain-ismael-ibn-el-khalil-en-israel-et-en-palestine\/"},"modified":"2022-02-27T06:29:51","modified_gmt":"2022-02-27T11:29:51","slug":"la-posture-dabraham-lincroyable-odyssee-du-marocain-ismael-ibn-el-khalil-en-israel-et-en-palestine","status":"publish","type":"post","link":"https:\/\/linitiative.ca\/International\/la-posture-dabraham-lincroyable-odyssee-du-marocain-ismael-ibn-el-khalil-en-israel-et-en-palestine\/","title":{"rendered":"\u00abLa Posture d\u2019Abraham\u00bb, l\u2019incroyable odyss\u00e9e du Marocain Isma\u00ebl Ibn El Khalil en Isra\u00ebl et en Palestine"},"content":{"rendered":"<div><img decoding=\"async\" width=\"1004\" height=\"656\" src=\"https:\/\/linitiative.ca\/International\/wp-content\/uploads\/sites\/23\/2022\/02\/livre-israel.jpg\" class=\"attachment-post-thumbnail size-post-thumbnail wp-post-image\" alt=\"\" loading=\"lazy\" srcset=\"https:\/\/linitiative.ca\/International\/wp-content\/uploads\/sites\/23\/2022\/02\/livre-israel.jpg 1004w, https:\/\/www.challenge.ma\/wp-content\/uploads\/2022\/02\/livre-israel-300x196.jpg 300w, https:\/\/www.challenge.ma\/wp-content\/uploads\/2022\/02\/livre-israel-768x502.jpg 768w, https:\/\/www.challenge.ma\/wp-content\/uploads\/2022\/02\/livre-israel-360x235.jpg 360w, https:\/\/www.challenge.ma\/wp-content\/uploads\/2022\/02\/livre-israel-750x490.jpg 750w\" sizes=\"auto, (max-width: 1004px) 100vw, 1004px\" itemprop=\"image\">Sorti il y a 7 ans en France mais tant attendu au Maroc, \u00ab La Posture d\u2019Abraham \u00bb est encore au-devant de la sc\u00e8ne pour rappeler la r\u00e9alit\u00e9 du conflit isra\u00e9lo-palestinien et \u00ab contribuer au renforcement de l\u2019image de tol\u00e9rance et d\u2019\u0153cum\u00e9nisme du Maroc dans le monde, et surtout contribuer<\/div>\n<p>Auteur: challenge<br \/>\n<a href=\"https:\/\/www.challenge.ma\/la-posture-dabraham-lincroyable-odyssee-du-marocain-ismael-ibn-el-khalil-en-israel-et-en-palestine-233457\/\">Cliquez ici pour lire l&rsquo;article depuis sa source.<\/a><\/p>\n","protected":false},"excerpt":{"rendered":"<p>Sorti il y a 7 ans en France mais tant attendu au Maroc, \u00ab La Posture d\u2019Abraham \u00bb est encore au-devant de la sc\u00e8ne pour rappeler la r\u00e9alit\u00e9 du conflit isra\u00e9lo-palestinien et \u00ab contribuer au renforcement de l\u2019image de tol\u00e9rance et d\u2019\u0153cum\u00e9nisme du Maroc dans le monde, et surtout contribuer Auteur: challenge Cliquez ici pour [&hellip;]<\/p>\n","protected":false},"author":1787,"featured_media":0,"comment_status":"closed","ping_status":"closed","sticky":false,"template":"","format":"standard","meta":{"fifu_image_url":"https:\/\/www.challenge.ma\/wp-content\/uploads\/2022\/02\/livre-israel.jpg","fifu_image_alt":"\u00abLa Posture d\u2019Abraham\u00bb, l\u2019incroyable odyss\u00e9e du Marocain Isma\u00ebl Ibn El Khalil en Isra\u00ebl et en Palestine","footnotes":""},"categories":[78,54],"tags":[],"class_list":["post-141870","post","type-post","status-publish","format-standard","hentry","category-economie","category-maroc"],"_links":{"self":[{"href":"https:\/\/linitiative.ca\/International\/wp-json\/wp\/v2\/posts\/141870","targetHints":{"allow":["GET"]}}],"collection":[{"href":"https:\/\/linitiative.ca\/International\/wp-json\/wp\/v2\/posts"}],"about":[{"href":"https:\/\/linitiative.ca\/International\/wp-json\/wp\/v2\/types\/post"}],"author":[{"embeddable":true,"href":"https:\/\/linitiative.ca\/International\/wp-json\/wp\/v2\/users\/1787"}],"replies":[{"embeddable":true,"href":"https:\/\/linitiative.ca\/International\/wp-json\/wp\/v2\/comments?post=141870"}],"version-history":[{"count":0,"href":"https:\/\/linitiative.ca\/International\/wp-json\/wp\/v2\/posts\/141870\/revisions"}],"wp:attachment":[{"href":"https:\/\/linitiative.ca\/International\/wp-json\/wp\/v2\/media?parent=141870"}],"wp:term":[{"taxonomy":"category","embeddable":true,"href":"https:\/\/linitiative.ca\/International\/wp-json\/wp\/v2\/categories?post=141870"},{"taxonomy":"post_tag","embeddable":true,"href":"https:\/\/linitiative.ca\/International\/wp-json\/wp\/v2\/tags?post=141870"}],"curies":[{"name":"wp","href":"https:\/\/api.w.org\/{rel}","templated":true}]}}