{"id":141875,"date":"2022-02-27T15:44:37","date_gmt":"2022-02-27T20:44:37","guid":{"rendered":"https:\/\/linitiative.ca\/International\/ligue-1-france-cette-fois-youcef-belaili-est-victime-de-der-zakarian\/"},"modified":"2022-02-27T15:44:37","modified_gmt":"2022-02-27T20:44:37","slug":"ligue-1-france-cette-fois-youcef-belaili-est-victime-de-der-zakarian","status":"publish","type":"post","link":"https:\/\/linitiative.ca\/International\/ligue-1-france-cette-fois-youcef-belaili-est-victime-de-der-zakarian\/","title":{"rendered":"Ligue 1 France : Cette fois, Youcef Bela\u00efli est victime de Der Zakarian !"},"content":{"rendered":"<div>\n<p>Le milieu international alg\u00e9rien Youcef Bela\u00efli est encore victime en Ligue 1. Apr\u00e8s les chants et insultes racistes du public de Reims, l\u2019ancien meneur de jeu de l\u2019Esp\u00e9rance de Tunis a fait parler de lui apr\u00e8s son changement apr\u00e8s seulement 30 minutes de jeu, lors du match opposant Brest \u00e0 Lorient, pour le compte de [\u2026]<\/p>\n<p>L\u2019article <a href=\"https:\/\/sport.tunisienumerique.com\/ligue-1-france-cette-fois-youcef-belaili-est-victime-de-der-zakarian\/\">Ligue 1 France : Cette fois, Youcef Bela\u00efli est victime de Der Zakarian !<\/a> est apparu en premier sur <a href=\"https:\/\/www.tunisienumerique.com\/\">Tunisie<\/a>.<\/p>\n<\/div>\n<p>Auteur: Hamza Ben Khlifa<br \/>\n<a href=\"https:\/\/sport.tunisienumerique.com\/ligue-1-france-cette-fois-youcef-belaili-est-victime-de-der-zakarian\/\">Cliquez ici pour lire l&rsquo;article depuis sa source.<\/a><\/p>\n","protected":false},"excerpt":{"rendered":"<p>Le milieu international alg\u00e9rien Youcef Bela\u00efli est encore victime en Ligue 1. Apr\u00e8s les chants et insultes racistes du public de Reims, l\u2019ancien meneur de jeu de l\u2019Esp\u00e9rance de Tunis a fait parler de lui apr\u00e8s son changement apr\u00e8s seulement 30 minutes de jeu, lors du match opposant Brest \u00e0 Lorient, pour le compte de [&hellip;]<\/p>\n","protected":false},"author":1789,"featured_media":0,"comment_status":"closed","ping_status":"closed","sticky":false,"template":"","format":"standard","meta":{"fifu_image_url":"","fifu_image_alt":"","footnotes":""},"categories":[73,55],"tags":[],"class_list":["post-141875","post","type-post","status-publish","format-standard","hentry","category-actualite","category-tunisie"],"_links":{"self":[{"href":"https:\/\/linitiative.ca\/International\/wp-json\/wp\/v2\/posts\/141875","targetHints":{"allow":["GET"]}}],"collection":[{"href":"https:\/\/linitiative.ca\/International\/wp-json\/wp\/v2\/posts"}],"about":[{"href":"https:\/\/linitiative.ca\/International\/wp-json\/wp\/v2\/types\/post"}],"author":[{"embeddable":true,"href":"https:\/\/linitiative.ca\/International\/wp-json\/wp\/v2\/users\/1789"}],"replies":[{"embeddable":true,"href":"https:\/\/linitiative.ca\/International\/wp-json\/wp\/v2\/comments?post=141875"}],"version-history":[{"count":0,"href":"https:\/\/linitiative.ca\/International\/wp-json\/wp\/v2\/posts\/141875\/revisions"}],"wp:attachment":[{"href":"https:\/\/linitiative.ca\/International\/wp-json\/wp\/v2\/media?parent=141875"}],"wp:term":[{"taxonomy":"category","embeddable":true,"href":"https:\/\/linitiative.ca\/International\/wp-json\/wp\/v2\/categories?post=141875"},{"taxonomy":"post_tag","embeddable":true,"href":"https:\/\/linitiative.ca\/International\/wp-json\/wp\/v2\/tags?post=141875"}],"curies":[{"name":"wp","href":"https:\/\/api.w.org\/{rel}","templated":true}]}}