{"id":141876,"date":"2022-02-27T15:55:40","date_gmt":"2022-02-27T20:55:40","guid":{"rendered":"https:\/\/linitiative.ca\/International\/la-russie-reconnait-des-pertes-humaines-dans-la-guerre-dukraine\/"},"modified":"2022-02-27T15:55:40","modified_gmt":"2022-02-27T20:55:40","slug":"la-russie-reconnait-des-pertes-humaines-dans-la-guerre-dukraine","status":"publish","type":"post","link":"https:\/\/linitiative.ca\/International\/la-russie-reconnait-des-pertes-humaines-dans-la-guerre-dukraine\/","title":{"rendered":"La Russie reconnait des pertes humaines dans la guerre d\u2019Ukraine"},"content":{"rendered":"<div>\n<p>Le minist\u00e8re de la d\u00e9fense russe a reconnu, ce dimanche, et pour la premi\u00e8re fois depuis le d\u00e9but des op\u00e9rations en Ukraine, des pertes humaines, sans en donner le d\u00e9tail. Le porte parole du minist\u00e8re a annonc\u00e9 que les soldats russe font preuve d\u2019un grand courage et d\u2019une grande d\u00e9termination dans leurs mission. \u00ab\u00a0Il y [\u2026]<\/p>\n<p>L\u2019article <a href=\"https:\/\/www.tunisienumerique.com\/la-russie-reconnait-des-pertes-humaines-dans-la-guerre-dukraine\/\">La Russie reconnait des pertes humaines dans la guerre d\u2019Ukraine<\/a> est apparu en premier sur <a href=\"https:\/\/www.tunisienumerique.com\/\">Tunisie<\/a>.<\/p>\n<\/div>\n<p>Auteur: LM<br \/>\n<a href=\"https:\/\/www.tunisienumerique.com\/la-russie-reconnait-des-pertes-humaines-dans-la-guerre-dukraine\/\">Cliquez ici pour lire l&rsquo;article depuis sa source.<\/a><\/p>\n","protected":false},"excerpt":{"rendered":"<p>Le minist\u00e8re de la d\u00e9fense russe a reconnu, ce dimanche, et pour la premi\u00e8re fois depuis le d\u00e9but des op\u00e9rations en Ukraine, des pertes humaines, sans en donner le d\u00e9tail. Le porte parole du minist\u00e8re a annonc\u00e9 que les soldats russe font preuve d\u2019un grand courage et d\u2019une grande d\u00e9termination dans leurs mission. \u00ab\u00a0Il y [&hellip;]<\/p>\n","protected":false},"author":1789,"featured_media":0,"comment_status":"closed","ping_status":"closed","sticky":false,"template":"","format":"standard","meta":{"fifu_image_url":"","fifu_image_alt":"","footnotes":""},"categories":[73,55],"tags":[],"class_list":["post-141876","post","type-post","status-publish","format-standard","hentry","category-actualite","category-tunisie"],"_links":{"self":[{"href":"https:\/\/linitiative.ca\/International\/wp-json\/wp\/v2\/posts\/141876","targetHints":{"allow":["GET"]}}],"collection":[{"href":"https:\/\/linitiative.ca\/International\/wp-json\/wp\/v2\/posts"}],"about":[{"href":"https:\/\/linitiative.ca\/International\/wp-json\/wp\/v2\/types\/post"}],"author":[{"embeddable":true,"href":"https:\/\/linitiative.ca\/International\/wp-json\/wp\/v2\/users\/1789"}],"replies":[{"embeddable":true,"href":"https:\/\/linitiative.ca\/International\/wp-json\/wp\/v2\/comments?post=141876"}],"version-history":[{"count":0,"href":"https:\/\/linitiative.ca\/International\/wp-json\/wp\/v2\/posts\/141876\/revisions"}],"wp:attachment":[{"href":"https:\/\/linitiative.ca\/International\/wp-json\/wp\/v2\/media?parent=141876"}],"wp:term":[{"taxonomy":"category","embeddable":true,"href":"https:\/\/linitiative.ca\/International\/wp-json\/wp\/v2\/categories?post=141876"},{"taxonomy":"post_tag","embeddable":true,"href":"https:\/\/linitiative.ca\/International\/wp-json\/wp\/v2\/tags?post=141876"}],"curies":[{"name":"wp","href":"https:\/\/api.w.org\/{rel}","templated":true}]}}