{"id":141882,"date":"2022-02-27T14:10:18","date_gmt":"2022-02-27T19:10:18","guid":{"rendered":"https:\/\/linitiative.ca\/International\/soutien-de-uhuru-kenyatta-a-raila-odinga-lafrique-anglophone-montre-encore-la-voie-a-suivre\/"},"modified":"2022-02-27T14:10:18","modified_gmt":"2022-02-27T19:10:18","slug":"soutien-de-uhuru-kenyatta-a-raila-odinga-lafrique-anglophone-montre-encore-la-voie-a-suivre","status":"publish","type":"post","link":"https:\/\/linitiative.ca\/International\/soutien-de-uhuru-kenyatta-a-raila-odinga-lafrique-anglophone-montre-encore-la-voie-a-suivre\/","title":{"rendered":"SOUTIEN DE UHURU KENYATTA A RAILA ODINGA  \u00a0: L\u2019Afrique anglophone montre encore la voie\u00a0 \u00e0 suivre"},"content":{"rendered":"<div>\n<p><img decoding=\"async\" width=\"592\" height=\"296\" src=\"https:\/\/linitiative.ca\/International\/wp-content\/uploads\/sites\/23\/2022\/02\/KENYA.jpeg\" class=\"attachment- size- wp-post-image\" alt=\"\" loading=\"lazy\" style=\"float:left; margin:0 15px 15px 0;\" srcset=\"https:\/\/linitiative.ca\/International\/wp-content\/uploads\/sites\/23\/2022\/02\/KENYA.jpeg 592w, https:\/\/lepays.bf\/wp-content\/uploads\/2022\/02\/KENYA-300x150.jpeg 300w\" sizes=\"auto, (max-width: 592px) 100vw, 592px\">La pr\u00e9sidentielle\u00a0 au Kenya aura lieu en ao\u00fbt prochain. Mais \u00e0 six mois de cet \u00e9v\u00e9nement important, l\u2019on assiste d\u00e9j\u00e0 \u00e0 un v\u00e9ritable branle-bas sur la sc\u00e8ne politique nationale. En effet, le pr\u00e9sident sortant, Uhuru Kenyatta, qui n\u2019est plus autoris\u00e9 par la Constitution, \u00e0 briguer [\u2026]<\/p>\n<p>L\u2019article <a rel=\"nofollow\" href=\"https:\/\/lepays.bf\/soutien-de-uhuru-kenyatta-a-raila-odinga-lafrique-anglophone-montre-encore-la-voie-a-suivre\/\">SOUTIEN DE UHURU KENYATTA A RAILA ODINGA  \u00a0: L\u2019Afrique anglophone montre encore la voie\u00a0 \u00e0 suivre<\/a> est apparu en premier sur <a rel=\"nofollow\" href=\"https:\/\/lepays.bf\/\">Editions Le Pays<\/a>.<\/p>\n<\/div>\n<p>Auteur: Editions LEPAYS<br \/>\n<a href=\"https:\/\/lepays.bf\/soutien-de-uhuru-kenyatta-a-raila-odinga-lafrique-anglophone-montre-encore-la-voie-a-suivre\/\">Cliquez ici pour lire l&rsquo;article depuis sa source.<\/a><\/p>\n","protected":false},"excerpt":{"rendered":"<p>La pr\u00e9sidentielle\u00a0 au Kenya aura lieu en ao\u00fbt prochain. Mais \u00e0 six mois de cet \u00e9v\u00e9nement important, l\u2019on assiste d\u00e9j\u00e0 \u00e0 un v\u00e9ritable branle-bas sur la sc\u00e8ne politique nationale. En effet, le pr\u00e9sident sortant, Uhuru Kenyatta, qui n\u2019est plus autoris\u00e9 par la Constitution, \u00e0 briguer [\u2026] L\u2019article SOUTIEN DE UHURU KENYATTA A RAILA ODINGA \u00a0: [&hellip;]<\/p>\n","protected":false},"author":1813,"featured_media":0,"comment_status":"closed","ping_status":"closed","sticky":false,"template":"","format":"standard","meta":{"fifu_image_url":"https:\/\/lepays.bf\/wp-content\/uploads\/2022\/02\/KENYA.jpeg","fifu_image_alt":"SOUTIEN DE UHURU KENYATTA A RAILA ODINGA  \u00a0: L\u2019Afrique anglophone montre encore la voie\u00a0 \u00e0 suivre","footnotes":""},"categories":[73,81],"tags":[],"class_list":["post-141882","post","type-post","status-publish","format-standard","hentry","category-actualite","category-burkina-faso"],"_links":{"self":[{"href":"https:\/\/linitiative.ca\/International\/wp-json\/wp\/v2\/posts\/141882","targetHints":{"allow":["GET"]}}],"collection":[{"href":"https:\/\/linitiative.ca\/International\/wp-json\/wp\/v2\/posts"}],"about":[{"href":"https:\/\/linitiative.ca\/International\/wp-json\/wp\/v2\/types\/post"}],"author":[{"embeddable":true,"href":"https:\/\/linitiative.ca\/International\/wp-json\/wp\/v2\/users\/1813"}],"replies":[{"embeddable":true,"href":"https:\/\/linitiative.ca\/International\/wp-json\/wp\/v2\/comments?post=141882"}],"version-history":[{"count":0,"href":"https:\/\/linitiative.ca\/International\/wp-json\/wp\/v2\/posts\/141882\/revisions"}],"wp:attachment":[{"href":"https:\/\/linitiative.ca\/International\/wp-json\/wp\/v2\/media?parent=141882"}],"wp:term":[{"taxonomy":"category","embeddable":true,"href":"https:\/\/linitiative.ca\/International\/wp-json\/wp\/v2\/categories?post=141882"},{"taxonomy":"post_tag","embeddable":true,"href":"https:\/\/linitiative.ca\/International\/wp-json\/wp\/v2\/tags?post=141882"}],"curies":[{"name":"wp","href":"https:\/\/api.w.org\/{rel}","templated":true}]}}