{"id":141888,"date":"2022-02-26T18:18:04","date_gmt":"2022-02-26T23:18:04","guid":{"rendered":"https:\/\/linitiative.ca\/International\/senegal-mboumba-ne-veut-pas-rater-le-train-du-progres\/"},"modified":"2022-02-26T18:18:04","modified_gmt":"2022-02-26T23:18:04","slug":"senegal-mboumba-ne-veut-pas-rater-le-train-du-progres","status":"publish","type":"post","link":"https:\/\/linitiative.ca\/International\/senegal-mboumba-ne-veut-pas-rater-le-train-du-progres\/","title":{"rendered":"S\u00e9n\u00e9gal : Mboumba ne veut pas rater le train du progr\u00e8s"},"content":{"rendered":"<div>\n<p><img decoding=\"async\" width=\"1152\" height=\"560\" src=\"https:\/\/linitiative.ca\/International\/wp-content\/uploads\/sites\/23\/2022\/02\/16459174846864.jpg\" class=\"attachment-post-thumbnail size-post-thumbnail wp-post-image\" alt=\"\" loading=\"lazy\" srcset=\"https:\/\/linitiative.ca\/International\/wp-content\/uploads\/sites\/23\/2022\/02\/16459174846864.jpg 1152w, https:\/\/www.journalducameroun.com\/wp-content\/uploads\/2022\/02\/16459174846864-300x146.jpg 300w, https:\/\/www.journalducameroun.com\/wp-content\/uploads\/2022\/02\/16459174846864-1024x498.jpg 1024w, https:\/\/www.journalducameroun.com\/wp-content\/uploads\/2022\/02\/16459174846864-768x373.jpg 768w, https:\/\/www.journalducameroun.com\/wp-content\/uploads\/2022\/02\/16459174846864-905x440.jpg 905w, https:\/\/www.journalducameroun.com\/wp-content\/uploads\/2022\/02\/16459174846864-600x292.jpg 600w\" sizes=\"auto, (max-width: 1152px) 100vw, 1152px\"><\/p>\n<p>Cette commune du Nord du pays, situ\u00e9e \u00e0 plus de 600 kilom\u00e8tres de Dakar, appelle \u00e0 la mat\u00e9rialisation des promesses d&rsquo;investissement pour se d\u00e9velopper.Plus d&rsquo;actions et moins de discours ! C&rsquo;est en ces termes que les habitants de Mboumba ont exprim\u00e9 leurs dol\u00e9ances aux partenaires techniques et financiers en s\u00e9jour dans leur localit\u00e9 \u00e0 l&rsquo;occasion du Festival \u00e0 Sahel ouvert (Faso). Tour \u00e0 tour, agriculteurs, \u00e9leveurs et p\u00eacheurs ont exprim\u00e9 leur ras-le-bol contre les r\u00e9flexions qui ne d\u00e9bouchent pas sur des r\u00e9alisations.<\/p>\n<p>Par ailleurs, ils ont exhort\u00e9 les promoteurs de projets de d\u00e9veloppement \u00e0 inclure davantage les populations dans l&rsquo;\u00e9laboration de leurs strat\u00e9gies. Car, arguent-ils, aucune initiative ne peut prosp\u00e9rer sans l&rsquo;implication des cibles.<\/p>\n<p>Ces id\u00e9es ont \u00e9t\u00e9 \u00e9mises lors du premier panel du Faso autour du th\u00e8me \u00ab Une gouvernance fonci\u00e8re inclusive responsable et apais\u00e9e ainsi qu&rsquo;une gestion de l&rsquo;eau durable : les conditions n\u00e9cessaires pour des investissements responsables et la cr\u00e9ation d&#8217;emplois dans la vall\u00e9e du fleuve \u00bb.<\/p>\n<p>Face aux divers pr\u00e9occupations des populations, le Coordonnateur des projets industriels du Plan S\u00e9n\u00e9gal Emergent (PSE), Abdoulaye Ly, a conseill\u00e9 aux autorit\u00e9s locales d&rsquo;analyser et d&rsquo;exploiter \u00e0 fond les opportunit\u00e9s d&rsquo;investissement qu&rsquo;offre la zone qui, \u00e0 elle seule, \u00ab dispose de pr\u00e8s de 240.000 hectares \u00bb de terres arables.<\/p>\n<p>Pour y arriver, il a soulign\u00e9 la n\u00e9cessit\u00e9 pour les \u00e9lus de la zone de relever \u00ab le d\u00e9fi de l&rsquo;intercommunalit\u00e9,\u00a0la mobilisation des ressources et\u00a0(l&rsquo;utilisation) des comp\u00e9tences de la diaspora \u00bb. M. Ly a \u00e9galement exhort\u00e9 l&rsquo;\u00e9quipe municipale \u00e0 explorer le marketing territorial pour plus d&rsquo;attractivit\u00e9 et \u00e0 d\u00e9finir des r\u00e9serves fonci\u00e8res pour abriter d&rsquo;\u00e9ventuelles activit\u00e9s industrielles.<\/p>\n<p>La douzi\u00e8me \u00e9dition du Festival \u00e0 Sahel ouvert a pour th\u00e8me g\u00e9n\u00e9ral : \u00ab Eau et s\u00e9curit\u00e9 \u00bb. Parrain de l&rsquo;\u00e9v\u00e9nement, le chanteur et compositeur s\u00e9n\u00e9galais, Baba Maal, a invit\u00e9 les pays ayant des diff\u00e9rends sur la gestion du liquide pr\u00e9cieux \u00e0 s&rsquo;inspirer de la gouvernance de l&rsquo;eau autour du fleuve S\u00e9n\u00e9gal. A l&rsquo;en croire, p\u00eacheurs, \u00e9leveurs, agriculteurs vivent en \u00ab parfaite harmonie \u00bb.<\/p>\n<p>Les conclusions issues des diverses activit\u00e9s du Faso seront pr\u00e9sent\u00e9es au prochain Forum mondial de l&rsquo;eau pr\u00e9vu dans la capitale s\u00e9n\u00e9galaise du 21 au 26 mars 2022.<\/p>\n<p>Cet article <a rel=\"nofollow\" href=\"https:\/\/www.journalducameroun.com\/senegal-mboumba-ne-veut-pas-rater-le-train-du-progres\/\">S\u00e9n\u00e9gal : Mboumba ne veut pas rater le train du progr\u00e8s<\/a> est apparu en premier sur <a rel=\"nofollow\" href=\"https:\/\/www.journalducameroun.com\/\">Journal du Cameroun<\/a>.<\/p>\n<\/div>\n<p>Auteur: APA News<br \/>\n<a href=\"https:\/\/www.journalducameroun.com\/senegal-mboumba-ne-veut-pas-rater-le-train-du-progres\/\">Cliquez ici pour lire l&rsquo;article depuis sa source.<\/a><\/p>\n","protected":false},"excerpt":{"rendered":"<p>Cette commune du Nord du pays, situ\u00e9e \u00e0 plus de 600 kilom\u00e8tres de Dakar, appelle \u00e0 la mat\u00e9rialisation des promesses d&rsquo;investissement pour se d\u00e9velopper.Plus d&rsquo;actions et moins de discours ! C&rsquo;est en ces termes que les habitants de Mboumba ont exprim\u00e9 leurs dol\u00e9ances aux partenaires techniques et financiers en s\u00e9jour dans leur localit\u00e9 \u00e0 l&rsquo;occasion [&hellip;]<\/p>\n","protected":false},"author":1965,"featured_media":0,"comment_status":"closed","ping_status":"closed","sticky":false,"template":"","format":"standard","meta":{"fifu_image_url":"https:\/\/www.journalducameroun.com\/wp-content\/uploads\/2022\/02\/16459174846864.jpg","fifu_image_alt":"S\u00e9n\u00e9gal : Mboumba ne veut pas rater le train du progr\u00e8s","footnotes":""},"categories":[73,82],"tags":[],"class_list":["post-141888","post","type-post","status-publish","format-standard","hentry","category-actualite","category-cameroun"],"_links":{"self":[{"href":"https:\/\/linitiative.ca\/International\/wp-json\/wp\/v2\/posts\/141888","targetHints":{"allow":["GET"]}}],"collection":[{"href":"https:\/\/linitiative.ca\/International\/wp-json\/wp\/v2\/posts"}],"about":[{"href":"https:\/\/linitiative.ca\/International\/wp-json\/wp\/v2\/types\/post"}],"author":[{"embeddable":true,"href":"https:\/\/linitiative.ca\/International\/wp-json\/wp\/v2\/users\/1965"}],"replies":[{"embeddable":true,"href":"https:\/\/linitiative.ca\/International\/wp-json\/wp\/v2\/comments?post=141888"}],"version-history":[{"count":0,"href":"https:\/\/linitiative.ca\/International\/wp-json\/wp\/v2\/posts\/141888\/revisions"}],"wp:attachment":[{"href":"https:\/\/linitiative.ca\/International\/wp-json\/wp\/v2\/media?parent=141888"}],"wp:term":[{"taxonomy":"category","embeddable":true,"href":"https:\/\/linitiative.ca\/International\/wp-json\/wp\/v2\/categories?post=141888"},{"taxonomy":"post_tag","embeddable":true,"href":"https:\/\/linitiative.ca\/International\/wp-json\/wp\/v2\/tags?post=141888"}],"curies":[{"name":"wp","href":"https:\/\/api.w.org\/{rel}","templated":true}]}}